{"id":61690,"date":"2023-11-04T06:51:13","date_gmt":"2023-11-04T12:51:13","guid":{"rendered":"http:\/\/www.zonaroja.com.mx\/?p=61690"},"modified":"2023-11-04T07:35:39","modified_gmt":"2023-11-04T13:35:39","slug":"sube-a-47-cifra-de-muertos-hay-56-personas-desaparecidas-a-causa-de-otis","status":"publish","type":"post","link":"https:\/\/zonaroja.com.mx\/?p=61690","title":{"rendered":"Sube a 47 cifra de muertos; hay 56 personas desaparecidas, a causa de \u201cOtis\u201d"},"content":{"rendered":"\n<p>Redacci\u00f3n\/Zona Roja Cdmx.<\/p>\n\n\n\n<p>Ciudad de M\u00e9xico, a 4 de noviembre de 2023.- El n\u00famero de muertos tras el paso del hurac\u00e1n \u201cOtis\u201d en Acapulco subi\u00f3 a 47, de acuerdo con la Secretar\u00eda de Seguridad y Protecci\u00f3n Ciudadana.<\/p>\n\n\n\n<p>Adem\u00e1s, hay 56 personas que todav\u00eda no han sido localizadas a nueve d\u00edas de la llegada del cicl\u00f3n al puerto.<\/p>\n\n\n\n<p>La Secretar\u00eda de la Defensa Nacional (Sedena) ha distribuido 17 mil 179 despensas y 111 mil 060 litros de agua en 39 colonias.<\/p>\n\n\n\n<p>Mientras que la Secretar\u00eda de Marina (Semar) ha instalado cuatro cocinas m\u00f3viles a trav\u00e9s de las cuales se reparten 2 mil 720 comidas calientes.<\/p>\n\n\n\n<p>Como parte de los censos para la reconstrucci\u00f3n del puerto, la Secretar\u00eda del Bienestar ha censado 97 mil 957 viviendas y comercios en los municipios de Acapulco de Ju\u00e1rez y Coyuca de Ben\u00edtez.<\/p>\n\n\n\n<p>VA TIANGUIS<\/p>\n\n\n\n<p>Este viernes 3 de noviembre se anunci\u00f3 que Acapulco seguir\u00e1 siendo sede del Tianguis Tur\u00edstico 2024 a pesar de la devastaci\u00f3n causada por el hurac\u00e1n \u201cOtis\u201d.<\/p>\n\n\n\n<p>La decisi\u00f3n se tom\u00f3 como parte del plan de reconstrucci\u00f3n del puerto y el acuerdo fue hecho por la Secretar\u00eda de Turismo (Sectur), en conjunto con empresarios y gobiernos locales.<\/p>\n\n\n\n<p>Miguel Torruco, titular de Sectur, explic\u00f3 a trav\u00e9s de sus redes sociales que, gracias al trabajo de los tres \u00f3rdenes de gobierno y a la Iniciativa privada, se defini\u00f3 que el&nbsp;Tianguis Tur\u00edstico&nbsp;se realizar\u00e1 del&nbsp;8 al 12 de abril del 2024 en Acapulco.<\/p>\n\n\n\n<p>El Tianguis Tur\u00edstico regresa cada dos a\u00f1os al puerto y es una forma de promocionar los destinos tur\u00edsticos del pa\u00eds.<\/p>\n\n\n\n<p>\u201cHemos recibido la noticia con entusiasmo, pues vemos en esta decisi\u00f3n una oportunidad \u00fanica de&nbsp;reactivar la econom\u00eda de Acapulco&nbsp;tras los grav\u00edsimos da\u00f1os causados por el hurac\u00e1n Otis, sin lugar a dudas, juntos, empresarios y gobierno, debemos apoyar la reactivaci\u00f3n econ\u00f3mica de este gran destino tur\u00edstico\u201d, explic\u00f3 H\u00e9ctor Tejada, presidente de la Confederaci\u00f3n de C\u00e1maras Nacionales de Comercio, Servicios y Turismo.<\/p>\n\n\n\n<p>ESCUELAS DA\u00d1ADAS<\/p>\n\n\n\n<p>El n\u00famero de escuelas afectadas tras el paso del hurac\u00e1n \u2018Otis\u2019 de manera preliminar es de 143 planteles, inform\u00f3 el Secretario de Educaci\u00f3n en Guerrero, Marcial Rodr\u00edguez Salda\u00f1a, este viernes.<\/p>\n\n\n\n<p>Dijo que s\u00f3lo entre Acapulco y Coyuca de Ben\u00edtez, se han visitado por lo menos 59 planteles para constatar el grado de da\u00f1os que sufrieron.<\/p>\n\n\n\n<p>\u201cEl equipo del Instituto Guerrerense de Infraestructura Fisca Educativa del Estado, el IGIFE, ha estado haciendo el trabajo del censo de las escuelas da\u00f1adas, hasta el d\u00eda de ayer por la noche ten\u00edamos 143 escuelas reportadas como da\u00f1adas\u201d, indic\u00f3 el funcionario estatal.<\/p>\n\n\n\n<p>Mencion\u00f3 que se siguen haciendo recorridos en las escuelas para verificar los da\u00f1os que han sufrido, para elaborar el dictamen t\u00e9cnico correspondiente, \u201cconstatamos los da\u00f1os terribles del hurac\u00e1n y hoy nuevamente estaremos recorriendo algunas zonas escolares all\u00e1 en Acapulco y Coyuca\u201d.<\/p>\n\n\n\n<p>(Informaci\u00f3n de \u201cEl Financiero\u201d)<\/p>\n","protected":false},"excerpt":{"rendered":"<p>Redacci\u00f3n\/Zona Roja Cdmx. Ciudad de M\u00e9xico, a 4 de noviembre de 2023.- El n\u00famero de&hellip;<\/p>\n","protected":false},"author":2,"featured_media":61695,"comment_status":"closed","ping_status":"open","sticky":false,"template":"","format":"standard","meta":{"_lmt_disableupdate":"","_lmt_disable":"","_jetpack_memberships_contains_paid_content":false,"footnotes":""},"categories":[109,47],"tags":[3713],"class_list":["post-61690","post","type-post","status-publish","format-standard","has-post-thumbnail","hentry","category-minuto-a-minuto","category-zona-gris","tag-huracan-otis"],"jetpack_featured_media_url":"https:\/\/zonaroja.com.mx\/wp-content\/uploads\/2023\/11\/Danos-Otis-Acapulco-Guerrero.jpeg","jetpack_sharing_enabled":true,"_links":{"self":[{"href":"https:\/\/zonaroja.com.mx\/index.php?rest_route=\/wp\/v2\/posts\/61690","targetHints":{"allow":["GET"]}}],"collection":[{"href":"https:\/\/zonaroja.com.mx\/index.php?rest_route=\/wp\/v2\/posts"}],"about":[{"href":"https:\/\/zonaroja.com.mx\/index.php?rest_route=\/wp\/v2\/types\/post"}],"author":[{"embeddable":true,"href":"https:\/\/zonaroja.com.mx\/index.php?rest_route=\/wp\/v2\/users\/2"}],"replies":[{"embeddable":true,"href":"https:\/\/zonaroja.com.mx\/index.php?rest_route=%2Fwp%2Fv2%2Fcomments&post=61690"}],"version-history":[{"count":1,"href":"https:\/\/zonaroja.com.mx\/index.php?rest_route=\/wp\/v2\/posts\/61690\/revisions"}],"predecessor-version":[{"id":61691,"href":"https:\/\/zonaroja.com.mx\/index.php?rest_route=\/wp\/v2\/posts\/61690\/revisions\/61691"}],"wp:featuredmedia":[{"embeddable":true,"href":"https:\/\/zonaroja.com.mx\/index.php?rest_route=\/wp\/v2\/media\/61695"}],"wp:attachment":[{"href":"https:\/\/zonaroja.com.mx\/index.php?rest_route=%2Fwp%2Fv2%2Fmedia&parent=61690"}],"wp:term":[{"taxonomy":"category","embeddable":true,"href":"https:\/\/zonaroja.com.mx\/index.php?rest_route=%2Fwp%2Fv2%2Fcategories&post=61690"},{"taxonomy":"post_tag","embeddable":true,"href":"https:\/\/zonaroja.com.mx\/index.php?rest_route=%2Fwp%2Fv2%2Ftags&post=61690"}],"curies":[{"name":"wp","href":"https:\/\/api.w.org\/{rel}","templated":true}]}}