{"id":61697,"date":"2023-11-04T07:23:39","date_gmt":"2023-11-04T13:23:39","guid":{"rendered":"http:\/\/www.zonaroja.com.mx\/?p=61697"},"modified":"2023-11-04T07:37:08","modified_gmt":"2023-11-04T13:37:08","slug":"deja-dos-muertos-y-dos-heridos-accidente-carretero-en-ocotlan-oaxaca","status":"publish","type":"post","link":"https:\/\/zonaroja.com.mx\/?p=61697","title":{"rendered":"Deja dos muertos y dos heridos accidente carretero en Ocotl\u00e1n, Oaxaca"},"content":{"rendered":"\n<p>Redacci\u00f3n\/Zona Roja.<\/p>\n\n\n\n<p>Oaxaca de Ju\u00e1rez, Oax., a 4 de noviembre de 2023.- Dos personas fallecidas y dos m\u00e1s lesionadas, entre ellas una menor de edad, es el saldo de un percance vial en la carretera federal 175 Oaxaca-Puerto \u00c1ngel, a la altura del kil\u00f3metro 14, entrada al libramiento de Ocotl\u00e1n de Morelos.<\/p>\n\n\n\n<p>De acuerdo con informes policiacos, el choque entre dos unidades de motor ocurri\u00f3 poco despu\u00e9s de las 19:00 horas, a la altura del entronque a la comunidad de San Jer\u00f3nimo Taviche; los conductores de ambas unidades de motor, a\u00fan no identificados, perdieron la vida.<\/p>\n\n\n\n<p>Se trata de un coche marca Nissan, tipo Tsuru, con placas de circulaci\u00f3n 1389SJM, taxi del sitio \u201cChapultepec\u201d A. C. de San Antonino Castillo Velasco, con n\u00famero econ\u00f3mico 01-264, y una camioneta marca Toyota tipo Pick Up, con placas de circulaci\u00f3n NNA8036 del Estado de M\u00e9xico.<\/p>\n\n\n\n<p>Los dos choferes perdieron la vida prensados en el interior de sus respectivos veh\u00edculos y hasta el momento no se ha establecido la responsabilidad de cada uno de ellos.<\/p>\n\n\n\n<p>Una menor, Yamileth M. B., de 10 a\u00f1os de edad, junto con su madre, fueron trasladadas de emergencia a un hospital de Ocotl\u00e1n de Morelos, a bordo de una ambulancia de la corporaci\u00f3n TUM.<\/p>\n\n\n\n<p>Personal de la Fiscal\u00eda General del Estado de Oaxaca arrib\u00f3 posteriormente, para iniciar las indagatorias correspondientes, a fin de deslindar responsabilidades.<\/p>\n","protected":false},"excerpt":{"rendered":"<p>Redacci\u00f3n\/Zona Roja. Oaxaca de Ju\u00e1rez, Oax., a 4 de noviembre de 2023.- Dos personas fallecidas&hellip;<\/p>\n","protected":false},"author":2,"featured_media":61698,"comment_status":"closed","ping_status":"open","sticky":false,"template":"","format":"standard","meta":{"_lmt_disableupdate":"","_lmt_disable":"","_jetpack_memberships_contains_paid_content":false,"footnotes":""},"categories":[109,47],"tags":[3416],"class_list":["post-61697","post","type-post","status-publish","format-standard","has-post-thumbnail","hentry","category-minuto-a-minuto","category-zona-gris","tag-accidentes-carreteros-oaxaca"],"jetpack_featured_media_url":"https:\/\/zonaroja.com.mx\/wp-content\/uploads\/2023\/11\/Accidente-carretera-Ocotlan-dos-muertos.jpg","jetpack_sharing_enabled":true,"_links":{"self":[{"href":"https:\/\/zonaroja.com.mx\/index.php?rest_route=\/wp\/v2\/posts\/61697","targetHints":{"allow":["GET"]}}],"collection":[{"href":"https:\/\/zonaroja.com.mx\/index.php?rest_route=\/wp\/v2\/posts"}],"about":[{"href":"https:\/\/zonaroja.com.mx\/index.php?rest_route=\/wp\/v2\/types\/post"}],"author":[{"embeddable":true,"href":"https:\/\/zonaroja.com.mx\/index.php?rest_route=\/wp\/v2\/users\/2"}],"replies":[{"embeddable":true,"href":"https:\/\/zonaroja.com.mx\/index.php?rest_route=%2Fwp%2Fv2%2Fcomments&post=61697"}],"version-history":[{"count":2,"href":"https:\/\/zonaroja.com.mx\/index.php?rest_route=\/wp\/v2\/posts\/61697\/revisions"}],"predecessor-version":[{"id":61701,"href":"https:\/\/zonaroja.com.mx\/index.php?rest_route=\/wp\/v2\/posts\/61697\/revisions\/61701"}],"wp:featuredmedia":[{"embeddable":true,"href":"https:\/\/zonaroja.com.mx\/index.php?rest_route=\/wp\/v2\/media\/61698"}],"wp:attachment":[{"href":"https:\/\/zonaroja.com.mx\/index.php?rest_route=%2Fwp%2Fv2%2Fmedia&parent=61697"}],"wp:term":[{"taxonomy":"category","embeddable":true,"href":"https:\/\/zonaroja.com.mx\/index.php?rest_route=%2Fwp%2Fv2%2Fcategories&post=61697"},{"taxonomy":"post_tag","embeddable":true,"href":"https:\/\/zonaroja.com.mx\/index.php?rest_route=%2Fwp%2Fv2%2Ftags&post=61697"}],"curies":[{"name":"wp","href":"https:\/\/api.w.org\/{rel}","templated":true}]}}