{"id":6170,"date":"2019-11-28T21:41:08","date_gmt":"2019-11-29T03:41:08","guid":{"rendered":"http:\/\/www.zonaroja.com.mx\/?p=6170"},"modified":"2019-11-28T21:41:11","modified_gmt":"2019-11-29T03:41:11","slug":"inhabilitado-para-ocupar-cargos-alberto-esteva-salinas-administra-alcaldia-ao","status":"publish","type":"post","link":"https:\/\/zonaroja.com.mx\/?p=6170","title":{"rendered":"Inhabilitado para ocupar cargos, Alberto Esteva Salinas, administra alcald\u00eda AO"},"content":{"rendered":"\n<p>Redacci\u00f3n\/Zona Roja.<\/p>\n\n\n\n<p>Ciudad de M\u00e9xico, 28 noviembre 2019.- El\noaxaque\u00f1o Alberto Esteva Salinas ha fungido como director general de\nAdministraci\u00f3n de la Alcald\u00eda \u00c1lvaro Obreg\u00f3n en el \u00faltimo a\u00f1o, mismo periodo\npara el que estuvo inhabilitado, report\u00f3 el diario \u201cReforma\u201d.<\/p>\n\n\n\n<p>La alcaldesa Layda Sansores lo integr\u00f3 a\nsu equipo desde el 1 de octubre de 2018 y no lo removi\u00f3 durante el periodo del\n6 de noviembre del a\u00f1o pasado al 5 de noviembre de 2019, desacatando la\nresoluci\u00f3n de la Secretar\u00eda de la Contralor\u00eda y Transparencia Gubernamental de\nOaxaca, emitida el 31 de octubre de 2018.<\/p>\n\n\n\n<p>\u201cYo tengo un documento, que con gusto\npuedo obsequiar una copia, en el que se me exonera a m\u00ed de ese se\u00f1alamiento,\nadem\u00e1s nunca fui notificado\u201d, rebati\u00f3 Esteva Salinas.<\/p>\n\n\n\n<p>De acuerdo con \u201cReforma\u201d, el funcionario\nfue inhabilitado por omitir en 2013 la acreditaci\u00f3n de 18 millones 560 mil 483\npesos y por abrir indebidamente una cuenta de inversi\u00f3n siendo secretario de\nSeguridad P\u00fablica de Oaxaca, lo cual fue detectado por la Auditor\u00eda Superior de\nla Federaci\u00f3n.<\/p>\n\n\n\n<p>Dichos recursos, del Fondo de\nAportaciones para la Seguridad P\u00fablica de los Estados, fueron desviados por el\nahora director general en \u00c1lvaro Obreg\u00f3n, seg\u00fan se detalla en el Procedimiento\nAdministrativo Disciplinario 20\/RA-B\/2016, del que \u201cReforma\u201d tiene copia.<\/p>\n\n\n\n<p>\u201cEs falso. Nunca he sido inhabilitado.\nTengo 33 a\u00f1os en el servicio p\u00fablico y es un tema que ya revis\u00f3 el \u00d3rgano de\nControl Interno tanto de la Alcald\u00eda como de la Secretar\u00eda General de la\nContralor\u00eda de la CDMX\u201d, asegur\u00f3 el a\u00fan funcionario.<\/p>\n\n\n\n<p>El 16 de julio de 2019, la Contralor\u00eda\nde Oaxaca confirm\u00f3 la vigencia de la sanci\u00f3n en el oficio\nSCTG\/SRAA\/DRASP\/446\/2019 sin que Esteva Salinas fuera separado del cargo en\n\u00c1lvaro Obreg\u00f3n.<\/p>\n","protected":false},"excerpt":{"rendered":"<p>Redacci\u00f3n\/Zona Roja. Ciudad de M\u00e9xico, 28 noviembre 2019.- El oaxaque\u00f1o Alberto Esteva Salinas ha fungido&hellip;<\/p>\n","protected":false},"author":2,"featured_media":6171,"comment_status":"closed","ping_status":"open","sticky":false,"template":"","format":"standard","meta":{"_lmt_disableupdate":"","_lmt_disable":"","_jetpack_memberships_contains_paid_content":false,"footnotes":""},"categories":[109,47],"tags":[1070],"class_list":["post-6170","post","type-post","status-publish","format-standard","has-post-thumbnail","hentry","category-minuto-a-minuto","category-zona-gris","tag-alberto-esteva-salinas"],"jetpack_featured_media_url":"https:\/\/zonaroja.com.mx\/wp-content\/uploads\/2019\/11\/Alberto-Esteva-Salinas.jpg","jetpack_sharing_enabled":true,"_links":{"self":[{"href":"https:\/\/zonaroja.com.mx\/index.php?rest_route=\/wp\/v2\/posts\/6170","targetHints":{"allow":["GET"]}}],"collection":[{"href":"https:\/\/zonaroja.com.mx\/index.php?rest_route=\/wp\/v2\/posts"}],"about":[{"href":"https:\/\/zonaroja.com.mx\/index.php?rest_route=\/wp\/v2\/types\/post"}],"author":[{"embeddable":true,"href":"https:\/\/zonaroja.com.mx\/index.php?rest_route=\/wp\/v2\/users\/2"}],"replies":[{"embeddable":true,"href":"https:\/\/zonaroja.com.mx\/index.php?rest_route=%2Fwp%2Fv2%2Fcomments&post=6170"}],"version-history":[{"count":1,"href":"https:\/\/zonaroja.com.mx\/index.php?rest_route=\/wp\/v2\/posts\/6170\/revisions"}],"predecessor-version":[{"id":6172,"href":"https:\/\/zonaroja.com.mx\/index.php?rest_route=\/wp\/v2\/posts\/6170\/revisions\/6172"}],"wp:featuredmedia":[{"embeddable":true,"href":"https:\/\/zonaroja.com.mx\/index.php?rest_route=\/wp\/v2\/media\/6171"}],"wp:attachment":[{"href":"https:\/\/zonaroja.com.mx\/index.php?rest_route=%2Fwp%2Fv2%2Fmedia&parent=6170"}],"wp:term":[{"taxonomy":"category","embeddable":true,"href":"https:\/\/zonaroja.com.mx\/index.php?rest_route=%2Fwp%2Fv2%2Fcategories&post=6170"},{"taxonomy":"post_tag","embeddable":true,"href":"https:\/\/zonaroja.com.mx\/index.php?rest_route=%2Fwp%2Fv2%2Ftags&post=6170"}],"curies":[{"name":"wp","href":"https:\/\/api.w.org\/{rel}","templated":true}]}}