{"id":61702,"date":"2023-11-04T09:00:00","date_gmt":"2023-11-04T15:00:00","guid":{"rendered":"http:\/\/www.zonaroja.com.mx\/?p=61702"},"modified":"2023-11-04T07:38:57","modified_gmt":"2023-11-04T13:38:57","slug":"violencia-incesante-ahora-en-guanajuato-tamaulipas-y-sonora","status":"publish","type":"post","link":"https:\/\/zonaroja.com.mx\/?p=61702","title":{"rendered":"Violencia incesante, ahora en Guanajuato, Tamaulipas y Sonora"},"content":{"rendered":"\n<p>Redacci\u00f3n\/Zona Roja Cdmx.<\/p>\n\n\n\n<p>Ciudad de M\u00e9xico, a 4 de noviembre de 2023.- Un enfrentamiento entre agentes de seguridad y presuntos criminales en el estado mexicano de Guanajuato dej\u00f3 cuatro personas muertas y dos m\u00e1s heridas, informaron autoridades.<\/p>\n\n\n\n<p>El enfrentamiento ocurri\u00f3 ayer en la carretera que conecta a los municipios de Celaya y Juventino Rosas, cerca de la comunidad de Roque, en el estado de Guanajuato.<\/p>\n\n\n\n<p>El enfrentamiento se produjo luego de que integrantes de la Agencia de Investigaci\u00f3n Criminal capturaran a un l\u00edder delincuencial, seg\u00fan report\u00f3 la Fiscal\u00eda General del Estado.<\/p>\n\n\n\n<p>EN TAMAULIPAS<\/p>\n\n\n\n<p>Autoridades de Tamaulipas abatieron a tres civiles armados, producto de una agresi\u00f3n.<\/p>\n\n\n\n<p>Los hechos ocurrieron en la colonia Balcones de Alcal\u00e1, del municipio de Reynosa.<\/p>\n\n\n\n<p>Agentes de la Guardia Estatal fueron agredidos a disparos desde varios veh\u00edculos, provocando que una patrulla se impactara contra un poste, junto con una camioneta.<\/p>\n\n\n\n<p>Se presume, de manera extraoficial, que los civiles abatidos eran miembros del C\u00e1rtel del Golfo.<\/p>\n\n\n\n<p>EN SONORA<\/p>\n\n\n\n<p>Una intensa balacera ocasion\u00f3 el p\u00e1nico en los habitantes del municipio de Benjamin Hill, en Sonora, la noche del jueves 2 de noviembre.<\/p>\n\n\n\n<p>En redes sociales, se viralizaron varias grabaciones de la balacera. Hasta el momento se desconoce si hay v\u00edctimas mortales o personas heridas por esta balacera.<\/p>\n\n\n\n<p>En los \u00faltimos d\u00edas, medios locales han detallado que grupos de la delincuencia se han enfrentado por el control de la regi\u00f3n norte y del desierto de Sonora.<\/p>\n\n\n\n<p>(Informaci\u00f3n de L\u00f3pez-D\u00f3riga Digital)<\/p>\n","protected":false},"excerpt":{"rendered":"<p>Redacci\u00f3n\/Zona Roja Cdmx. Ciudad de M\u00e9xico, a 4 de noviembre de 2023.- Un enfrentamiento entre&hellip;<\/p>\n","protected":false},"author":2,"featured_media":58108,"comment_status":"closed","ping_status":"open","sticky":false,"template":"","format":"standard","meta":{"_lmt_disableupdate":"","_lmt_disable":"","_jetpack_memberships_contains_paid_content":false,"footnotes":""},"categories":[109,51],"tags":[1746],"class_list":["post-61702","post","type-post","status-publish","format-standard","has-post-thumbnail","hentry","category-minuto-a-minuto","category-zona-roja","tag-violencia-en-mexico"],"jetpack_featured_media_url":"https:\/\/zonaroja.com.mx\/wp-content\/uploads\/2023\/07\/Violencia-en-Mexico-ola-de-crimenes-escena.jpeg","jetpack_sharing_enabled":true,"_links":{"self":[{"href":"https:\/\/zonaroja.com.mx\/index.php?rest_route=\/wp\/v2\/posts\/61702","targetHints":{"allow":["GET"]}}],"collection":[{"href":"https:\/\/zonaroja.com.mx\/index.php?rest_route=\/wp\/v2\/posts"}],"about":[{"href":"https:\/\/zonaroja.com.mx\/index.php?rest_route=\/wp\/v2\/types\/post"}],"author":[{"embeddable":true,"href":"https:\/\/zonaroja.com.mx\/index.php?rest_route=\/wp\/v2\/users\/2"}],"replies":[{"embeddable":true,"href":"https:\/\/zonaroja.com.mx\/index.php?rest_route=%2Fwp%2Fv2%2Fcomments&post=61702"}],"version-history":[{"count":1,"href":"https:\/\/zonaroja.com.mx\/index.php?rest_route=\/wp\/v2\/posts\/61702\/revisions"}],"predecessor-version":[{"id":61703,"href":"https:\/\/zonaroja.com.mx\/index.php?rest_route=\/wp\/v2\/posts\/61702\/revisions\/61703"}],"wp:featuredmedia":[{"embeddable":true,"href":"https:\/\/zonaroja.com.mx\/index.php?rest_route=\/wp\/v2\/media\/58108"}],"wp:attachment":[{"href":"https:\/\/zonaroja.com.mx\/index.php?rest_route=%2Fwp%2Fv2%2Fmedia&parent=61702"}],"wp:term":[{"taxonomy":"category","embeddable":true,"href":"https:\/\/zonaroja.com.mx\/index.php?rest_route=%2Fwp%2Fv2%2Fcategories&post=61702"},{"taxonomy":"post_tag","embeddable":true,"href":"https:\/\/zonaroja.com.mx\/index.php?rest_route=%2Fwp%2Fv2%2Ftags&post=61702"}],"curies":[{"name":"wp","href":"https:\/\/api.w.org\/{rel}","templated":true}]}}