{"id":61709,"date":"2023-11-04T11:43:00","date_gmt":"2023-11-04T17:43:00","guid":{"rendered":"http:\/\/www.zonaroja.com.mx\/?p=61709"},"modified":"2023-11-04T07:45:29","modified_gmt":"2023-11-04T13:45:29","slug":"sigue-el-pleito-morenista-en-la-cdmx-inventan-firmas-en-apoyo-a-harfuch","status":"publish","type":"post","link":"https:\/\/zonaroja.com.mx\/?p=61709","title":{"rendered":"Sigue el pleito morenista en la Cdmx; inventan firmas en apoyo a Harfuch"},"content":{"rendered":"\n<p>Redacci\u00f3n\/Zona Roja Cdmx.<\/p>\n\n\n\n<p>Ciudad de M\u00e9xico, a 4 de noviembre de 2023.- A dos d\u00edas de que arranquen las precampa\u00f1as en la Ciudad de M\u00e9xico para el proceso electoral 2024, la contienda en Morena se intensific\u00f3 luego de un desplegado en apoyo al exsecretario de Seguridad Omar Garc\u00eda Harfuch, del que luego se desmarcaron algunos supuestamente firmantes.<\/p>\n\n\n\n<p>Este viernes, en el diario \u201cLa Jornada\u201d, fue publicado el documento en el que m\u00e1s de 100 integrantes del Consejo Estatal de Morena en la capital refrendaron su respaldo hacia el Garc\u00eda Harfuch para ser designado como coordinador de los Comit\u00e9s de Defensa de la Cuarta Transformaci\u00f3n.<\/p>\n\n\n\n<p>\u00abLos abajo signantes apostamos a la continuidad, consolidaci\u00f3n y mejora de lo alcanzado en la ciudad de M\u00e9xico, tenemos certeza de por su trayectoria de servicio p\u00fablico, capacidad, liderazgo, valent\u00eda, sensibilidad social, compromiso con la ciudadan\u00eda y con la cuarta transformaci\u00f3n, Omar Garc\u00eda Harfuch es la mejor opci\u00f3n para coordinador estatalmente los Comit\u00e9s de Defensa de la 4T\u00bb, dice es desplegado.<\/p>\n\n\n\n<p>En el documento, en el que se lee \u00abCarro completo en Cdmx\u00bb, aparecen los nombres de pol\u00edticos como Dolores Padierna, Rigoberto Salgado, N\u00e9stor N\u00fa\u00f1ez, V\u00edctor Hugo Romo y Ren\u00e9 Bejarano.<\/p>\n\n\n\n<p>El desplegado fue publicado luego de que este martes 31 de octubre, Garc\u00eda Harfuch sostuvo una reuni\u00f3n con integrantes del Consejo Estatal de Morena.<\/p>\n\n\n\n<p>El viernes por la ma\u00f1ana, el exsecretario de Seguridad hab\u00eda compartido el desplegado con un mensaje de agradecimiento, pero minutos despu\u00e9s elimin\u00f3 su publicaci\u00f3n en la que agradec\u00eda el apoyo.<\/p>\n\n\n\n<p>\u00abAgradezco enormemente el apoyo de las y los Consejeros Estatales de Morena de la Cdmx. En este equipo cabemos todos los que buscamos una mejor Ciudad de M\u00e9xico, una Ciudad fortalecida y con mejor\u00eda constante! \u00a1Estamos fuertes y unidos!\u00bb, dec\u00eda el mensaje compartido por Harfuch.<\/p>\n\n\n\n<p>SE DESMARCAN<\/p>\n\n\n\n<p>La aspirante morenista a la jefatura de gobierno, Clara Brugada, consider\u00f3 que fue un desacierto la publicaci\u00f3n de un desplegado en el diario \u201cLa Jornada\u201d en apoyo a Omar Garc\u00eda Harfuch con la firma de consejeros de este partido en la Ciudad de M\u00e9xico, de los cuales m\u00e1s de una decena ya se desmarcaron.<\/p>\n\n\n\n<p>En rueda de prensa, la alcaldesa con licencia dijo que varios firmantes que aparecen en la lista le externaron su descontento porque su nombre aparece en la publicaci\u00f3n sin que se les haya consultado.<\/p>\n\n\n\n<p>Entre los consejeros que ya se desmarcaron de la publicaci\u00f3n est\u00e1n Lidia P\u00e9rez Barcenas, diputada federal; Jes\u00fas Valencia, exdelegado de Iztapalapa; Ang\u00e9lica Ram\u00edrez, V\u00edctor Manuel Guti\u00e9rrez, Carlos Morales Dom\u00ednguez, Gerardo y David Mendoza, Maribel Cruz Lorenzana y Mar\u00eda Elena Galicia Tapia, entre otros.<\/p>\n\n\n\n<p>\u201cSon m\u00e1s de diez a los que no se les consulto y se van sumando, si, considero que esto es muy delicado\u201d, extern\u00f3 la alcaldesa de Iztapalapa con licencia, quien consider\u00f3 que en la contienda interna de para definir a la o el abanderado a la coordinaci\u00f3n de la defensa de la transformaci\u00f3n en la capital no deben existir estas pr\u00e1cticas para dar una sensaci\u00f3n de divisi\u00f3n.<\/p>\n\n\n\n<p>\u201cYo creo que no se trata de estar viendo quien tiene m\u00e1s (apoyo) o qui\u00e9n tiene menos, sino m\u00e1s buen, hacia d\u00f3nde va la decisi\u00f3n de la ciudadan\u00eda\u201d, afirm\u00f3 en rueda de prensa.<\/p>\n\n\n\n<p>Por su parte, la diputada Lidia P\u00e9rez Barcenas public\u00f3 en X, que en ambiente de guerra sucia, en el desplegado fueron indebidamente usados los nombres de algunos consejeros que en realidad apoyan a Clara Brugada como la ganadora de la encuesta para la CDMX.<\/p>\n\n\n\n<p>(Informaci\u00f3n de \u201cExpansi\u00f3n Pol\u00edtica\u201d)<\/p>\n","protected":false},"excerpt":{"rendered":"<p>Redacci\u00f3n\/Zona Roja Cdmx. Ciudad de M\u00e9xico, a 4 de noviembre de 2023.- A dos d\u00edas&hellip;<\/p>\n","protected":false},"author":2,"featured_media":61696,"comment_status":"closed","ping_status":"open","sticky":false,"template":"","format":"standard","meta":{"_lmt_disableupdate":"","_lmt_disable":"","_jetpack_memberships_contains_paid_content":false,"footnotes":""},"categories":[109,47],"tags":[1791],"class_list":["post-61709","post","type-post","status-publish","format-standard","has-post-thumbnail","hentry","category-minuto-a-minuto","category-zona-gris","tag-omar-garcia-harfuch"],"jetpack_featured_media_url":"https:\/\/zonaroja.com.mx\/wp-content\/uploads\/2023\/11\/Desplegado-Harfuch.jpeg","jetpack_sharing_enabled":true,"_links":{"self":[{"href":"https:\/\/zonaroja.com.mx\/index.php?rest_route=\/wp\/v2\/posts\/61709","targetHints":{"allow":["GET"]}}],"collection":[{"href":"https:\/\/zonaroja.com.mx\/index.php?rest_route=\/wp\/v2\/posts"}],"about":[{"href":"https:\/\/zonaroja.com.mx\/index.php?rest_route=\/wp\/v2\/types\/post"}],"author":[{"embeddable":true,"href":"https:\/\/zonaroja.com.mx\/index.php?rest_route=\/wp\/v2\/users\/2"}],"replies":[{"embeddable":true,"href":"https:\/\/zonaroja.com.mx\/index.php?rest_route=%2Fwp%2Fv2%2Fcomments&post=61709"}],"version-history":[{"count":1,"href":"https:\/\/zonaroja.com.mx\/index.php?rest_route=\/wp\/v2\/posts\/61709\/revisions"}],"predecessor-version":[{"id":61710,"href":"https:\/\/zonaroja.com.mx\/index.php?rest_route=\/wp\/v2\/posts\/61709\/revisions\/61710"}],"wp:featuredmedia":[{"embeddable":true,"href":"https:\/\/zonaroja.com.mx\/index.php?rest_route=\/wp\/v2\/media\/61696"}],"wp:attachment":[{"href":"https:\/\/zonaroja.com.mx\/index.php?rest_route=%2Fwp%2Fv2%2Fmedia&parent=61709"}],"wp:term":[{"taxonomy":"category","embeddable":true,"href":"https:\/\/zonaroja.com.mx\/index.php?rest_route=%2Fwp%2Fv2%2Fcategories&post=61709"},{"taxonomy":"post_tag","embeddable":true,"href":"https:\/\/zonaroja.com.mx\/index.php?rest_route=%2Fwp%2Fv2%2Ftags&post=61709"}],"curies":[{"name":"wp","href":"https:\/\/api.w.org\/{rel}","templated":true}]}}