{"id":61711,"date":"2023-11-04T13:00:00","date_gmt":"2023-11-04T19:00:00","guid":{"rendered":"http:\/\/www.zonaroja.com.mx\/?p=61711"},"modified":"2023-11-04T07:50:32","modified_gmt":"2023-11-04T13:50:32","slug":"ballet-de-amalia-hernandez-rendira-honor-a-oaxaca-con-musicos-de-ayutla-mixe","status":"publish","type":"post","link":"https:\/\/zonaroja.com.mx\/?p=61711","title":{"rendered":"Ballet de Amalia Hern\u00e1ndez rendir\u00e1 honor a Oaxaca, con m\u00fasicos de Ayutla Mixe"},"content":{"rendered":"\n<p>Redacci\u00f3n\/Zona Roja Cdmx.<\/p>\n\n\n\n<p>Ciudad de M\u00e9xico, a 4 de noviembre de 2023.- Como una invitaci\u00f3n para celebrar a M\u00e9xico a trav\u00e9s de su patrimonio y sus costumbres, el Ballet Folkl\u00f3rico de M\u00e9xico de Amalia Hern\u00e1ndez (1917-2000) realiza una gala, en honor a Oaxaca, el 8 de noviembre, a las 20:30 horas, en la Sala Principal del Palacio de Bellas Artes.<\/p>\n\n\n\n<p>La programaci\u00f3n del evento, que cuenta con la participaci\u00f3n musical de la Banda Filarm\u00f3nica Municipal de Ayutla, Oaxaca, se conforma por la danza de canciones como \u201cLos Matachines\u201d, \u201cChinas oaxaque\u00f1as\u201d, \u201cCanci\u00f3n Mixteca\u201d, \u201cPluma\u201d, \u201cDios Nunca Muere\u201d, \u201cPinotepa\u201d y \u201cNereida\u201d, \u00abuna muestra coreogr\u00e1fica que permiten al espectador saborear el color, sabor y ritmo de ese estado\u00bb.<\/p>\n\n\n\n<p>En conferencia de prensa, Salvador L\u00f3pez, director general de la compa\u00f1\u00eda, explic\u00f3 que a m\u00e1s de 70 a\u00f1os de la fundaci\u00f3n del ballet \u201cles emociona poder coadyuvar con otras comunidades art\u00edsticas para fomentar y difundir la cultura de M\u00e9xico desde sus ra\u00edces\u201d.<\/p>\n\n\n\n<p>\u201cLa banda se ha convertido en un aliado para nosotros, la disciplina y entusiasmo de los ni\u00f1os y j\u00f3venes que conforman la agrupaci\u00f3n mixe nos contagia, y lo m\u00e1s sorprendente es que son tan profesionales como cualquier orquesta ya consolidada, es un honor bailar a su ritmo\u201d, cont\u00f3.<\/p>\n\n\n\n<p>Viviana&nbsp;Basanta&nbsp;Hern\u00e1ndez, directora art\u00edstica del Ballet Folkl\u00f3rico de M\u00e9xico resalt\u00f3 \u201cque la compa\u00f1\u00eda ha sido una escuela continua desde los a\u00f1os 50, motivo que les ha permitido nunca dejar de aprender, por lo que esta&nbsp;colaboraci\u00f3n les entusiasma a ellos y a todos los bailarines\u00bb.<\/p>\n\n\n\n<p>\u201cDespu\u00e9s de la pandemia a\u00f1oramos regresar al Palacio de Bellas Artes, en fechas tan especiales como estas que nos permiten, m\u00e1s que celebrar la muerte, celebrar la vida, las tradiciones y la riqueza cultural del pa\u00eds\u201d, dijo.<\/p>\n\n\n\n<p>Respecto a la participaci\u00f3n de los ni\u00f1os y j\u00f3venes de la Banda Filarm\u00f3nica Municipal de Ayutla, Armando Reyes, director de la agrupaci\u00f3n mixe, comparti\u00f3 que la gala significa para muchos de sus integrantes, ya que para muchos de ellos, \u00abrepresenta el primer paso a una formaci\u00f3n profesional y un aliciente en su formaci\u00f3n acad\u00e9mica\u201d.<\/p>\n\n\n\n<p>\u201cGran parte de los m\u00fasicos de la banda pisan por primera vez el Palacio de Bellas Artes, salen por primera vez de Oaxaca y viajan por primera vez a la Ciudad de M\u00e9xico, est\u00e1n muy emocionados\u201d, cont\u00f3 y&nbsp;agreg\u00f3 que como profesor de la&nbsp;banda se siente orgulloso de que el mundo conozca el talento de estos ni\u00f1os y j\u00f3venes.<\/p>\n\n\n\n<p>(Informaci\u00f3n de \u201cEl Heraldo de M\u00e9xico\u201d)<\/p>\n","protected":false},"excerpt":{"rendered":"<p>Redacci\u00f3n\/Zona Roja Cdmx. Ciudad de M\u00e9xico, a 4 de noviembre de 2023.- Como una invitaci\u00f3n&hellip;<\/p>\n","protected":false},"author":2,"featured_media":61712,"comment_status":"closed","ping_status":"open","sticky":false,"template":"","format":"standard","meta":{"_lmt_disableupdate":"","_lmt_disable":"","_jetpack_memberships_contains_paid_content":false,"footnotes":""},"categories":[109,46],"tags":[3720],"class_list":["post-61711","post","type-post","status-publish","format-standard","has-post-thumbnail","hentry","category-minuto-a-minuto","category-zona-blanca","tag-banda-filarmonica-ayutla-mixe"],"jetpack_featured_media_url":"https:\/\/zonaroja.com.mx\/wp-content\/uploads\/2023\/11\/Banda-Filarmonica-Ayutla-Mixe.jpeg","jetpack_sharing_enabled":true,"_links":{"self":[{"href":"https:\/\/zonaroja.com.mx\/index.php?rest_route=\/wp\/v2\/posts\/61711","targetHints":{"allow":["GET"]}}],"collection":[{"href":"https:\/\/zonaroja.com.mx\/index.php?rest_route=\/wp\/v2\/posts"}],"about":[{"href":"https:\/\/zonaroja.com.mx\/index.php?rest_route=\/wp\/v2\/types\/post"}],"author":[{"embeddable":true,"href":"https:\/\/zonaroja.com.mx\/index.php?rest_route=\/wp\/v2\/users\/2"}],"replies":[{"embeddable":true,"href":"https:\/\/zonaroja.com.mx\/index.php?rest_route=%2Fwp%2Fv2%2Fcomments&post=61711"}],"version-history":[{"count":1,"href":"https:\/\/zonaroja.com.mx\/index.php?rest_route=\/wp\/v2\/posts\/61711\/revisions"}],"predecessor-version":[{"id":61713,"href":"https:\/\/zonaroja.com.mx\/index.php?rest_route=\/wp\/v2\/posts\/61711\/revisions\/61713"}],"wp:featuredmedia":[{"embeddable":true,"href":"https:\/\/zonaroja.com.mx\/index.php?rest_route=\/wp\/v2\/media\/61712"}],"wp:attachment":[{"href":"https:\/\/zonaroja.com.mx\/index.php?rest_route=%2Fwp%2Fv2%2Fmedia&parent=61711"}],"wp:term":[{"taxonomy":"category","embeddable":true,"href":"https:\/\/zonaroja.com.mx\/index.php?rest_route=%2Fwp%2Fv2%2Fcategories&post=61711"},{"taxonomy":"post_tag","embeddable":true,"href":"https:\/\/zonaroja.com.mx\/index.php?rest_route=%2Fwp%2Fv2%2Ftags&post=61711"}],"curies":[{"name":"wp","href":"https:\/\/api.w.org\/{rel}","templated":true}]}}