{"id":61714,"date":"2023-11-04T14:00:00","date_gmt":"2023-11-04T20:00:00","guid":{"rendered":"http:\/\/www.zonaroja.com.mx\/?p=61714"},"modified":"2023-11-04T07:58:52","modified_gmt":"2023-11-04T13:58:52","slug":"poder-judicial-participa-en-curso-internacional-sobre-acceso-a-la-justicia-a-mujeres","status":"publish","type":"post","link":"https:\/\/zonaroja.com.mx\/?p=61714","title":{"rendered":"Poder Judicial participa en curso internacional\u00a0sobre\u00a0acceso a la justicia a mujeres"},"content":{"rendered":"\n<p>Redacci\u00f3n\/Zona Roja.<\/p>\n\n\n\n<p>Oaxaca de Ju\u00e1rez, Oax., a 4 de noviembre de 2023.- Derivado de las alianzas del Poder Judicial del Estado con&nbsp;el Centro de Estudios de Justicia de las Am\u00e9ricas (CEJA), el&nbsp;Ministerio Federal de Relaciones Exteriores de Alemania&nbsp;y la&nbsp;Agencia de Cooperaci\u00f3n Alemana&nbsp;GIZ, un grupo 30 servidores p\u00fablicos judiciales inici\u00f3 el curso&nbsp;\u201cMejorando la persecuci\u00f3n penal en casos de violencia de g\u00e9nero\u201d, el cual tiene como uno de sus objetivos brindar a las y los asistentes herramientas jur\u00eddicas actuales&nbsp;y con un enfoque local,&nbsp;en torno a este delito.&nbsp;<\/p>\n\n\n\n<p>La actividad acad\u00e9mica que concluir\u00e1 el 15 de diciembre y se realiza en modalidad h\u00edbrida&nbsp;con sesiones virtuales y presenciales,se ha impartido en pa\u00edses como&nbsp;Ecuador, Honduras, El Salvador y Guatemala,&nbsp;debido a que&nbsp;de acuerdo con investigaciones es en Am\u00e9rica Latina donde se presentan las tasas m\u00e1s altas de feminicidios en el mundo.<\/p>\n\n\n\n<p>En la administraci\u00f3n del magistrado Eduardo Pinacho S\u00e1nchez, se han&nbsp;establecido mecanismos de prevenci\u00f3n, atenci\u00f3n, sanci\u00f3n, reparaci\u00f3n y erradicaci\u00f3n de la violencia en contra de las mujeresy&nbsp;sensibilizado en este tema a servidoras y servidores p\u00fablicos en materia civil, familiar y penal tanto del sistema mixto o tradicional como del sistema acusatorio y oral.<\/p>\n\n\n\n<p>Como parte del curso&nbsp;\u201cMejorando la persecuci\u00f3n penal en casos de violencia de g\u00e9nero\u201d,&nbsp;las y los participantes se actualizan&nbsp;acerca de&nbsp;los&nbsp;marcos normativo-jur\u00eddicos de los pa\u00edses de la regi\u00f3n&nbsp;latinoamericana&nbsp;sobre cada etapa del proceso judicial en materia de violencia de g\u00e9nero&nbsp;y&nbsp;evaluar\u00e1n&nbsp;riesgos&nbsp;para la adopci\u00f3n de medidas cautelares y medidas de protecci\u00f3n, as\u00ed como criterios&nbsp;para la aplicaci\u00f3n de salidas alternativas y procedimientos abreviados.<\/p>\n\n\n\n<p>Por otra parte,&nbsp;realizar\u00e1n trabajos pr\u00e1cticos con perspectiva de g\u00e9nero, orientados a la mejora del trato y atenci\u00f3n de&nbsp;las v\u00edctimas de violencia de&nbsp;g\u00e9nero,&nbsp;y el acceso igualitario a la ley de mujeres&nbsp;y&nbsp;personas&nbsp;LGBTIQ.&nbsp;Del Poder Judicial del Estado de Oaxaca participan magistradas, magistrados, jueces, juezas, secretarios de sala y de juzgados.&nbsp;<\/p>\n","protected":false},"excerpt":{"rendered":"<p>Redacci\u00f3n\/Zona Roja. Oaxaca de Ju\u00e1rez, Oax., a 4 de noviembre de 2023.- Derivado de las&hellip;<\/p>\n","protected":false},"author":2,"featured_media":47612,"comment_status":"closed","ping_status":"open","sticky":false,"template":"","format":"standard","meta":{"_lmt_disableupdate":"","_lmt_disable":"","_jetpack_memberships_contains_paid_content":false,"footnotes":""},"categories":[109,46],"tags":[223],"class_list":["post-61714","post","type-post","status-publish","format-standard","has-post-thumbnail","hentry","category-minuto-a-minuto","category-zona-blanca","tag-poder-judicial-de-oaxaca"],"jetpack_featured_media_url":"https:\/\/zonaroja.com.mx\/wp-content\/uploads\/2022\/11\/Tribunal-Superior-Oaxaca-Poder-Judicial.jpeg","jetpack_sharing_enabled":true,"_links":{"self":[{"href":"https:\/\/zonaroja.com.mx\/index.php?rest_route=\/wp\/v2\/posts\/61714","targetHints":{"allow":["GET"]}}],"collection":[{"href":"https:\/\/zonaroja.com.mx\/index.php?rest_route=\/wp\/v2\/posts"}],"about":[{"href":"https:\/\/zonaroja.com.mx\/index.php?rest_route=\/wp\/v2\/types\/post"}],"author":[{"embeddable":true,"href":"https:\/\/zonaroja.com.mx\/index.php?rest_route=\/wp\/v2\/users\/2"}],"replies":[{"embeddable":true,"href":"https:\/\/zonaroja.com.mx\/index.php?rest_route=%2Fwp%2Fv2%2Fcomments&post=61714"}],"version-history":[{"count":1,"href":"https:\/\/zonaroja.com.mx\/index.php?rest_route=\/wp\/v2\/posts\/61714\/revisions"}],"predecessor-version":[{"id":61715,"href":"https:\/\/zonaroja.com.mx\/index.php?rest_route=\/wp\/v2\/posts\/61714\/revisions\/61715"}],"wp:featuredmedia":[{"embeddable":true,"href":"https:\/\/zonaroja.com.mx\/index.php?rest_route=\/wp\/v2\/media\/47612"}],"wp:attachment":[{"href":"https:\/\/zonaroja.com.mx\/index.php?rest_route=%2Fwp%2Fv2%2Fmedia&parent=61714"}],"wp:term":[{"taxonomy":"category","embeddable":true,"href":"https:\/\/zonaroja.com.mx\/index.php?rest_route=%2Fwp%2Fv2%2Fcategories&post=61714"},{"taxonomy":"post_tag","embeddable":true,"href":"https:\/\/zonaroja.com.mx\/index.php?rest_route=%2Fwp%2Fv2%2Ftags&post=61714"}],"curies":[{"name":"wp","href":"https:\/\/api.w.org\/{rel}","templated":true}]}}