{"id":61719,"date":"2023-11-04T20:47:17","date_gmt":"2023-11-05T02:47:17","guid":{"rendered":"http:\/\/www.zonaroja.com.mx\/?p=61719"},"modified":"2023-11-04T20:47:20","modified_gmt":"2023-11-05T02:47:20","slug":"rina-entre-migrantes-en-juchitan-deja-un-adolescente-lesionado","status":"publish","type":"post","link":"https:\/\/zonaroja.com.mx\/?p=61719","title":{"rendered":"Ri\u00f1a entre migrantes en Juchit\u00e1n deja un adolescente lesionado"},"content":{"rendered":"\n<p>Ismael Garc\u00eda M.\/Zona Roja.<\/p>\n\n\n\n<p>Oaxaca de Ju\u00e1rez, Oax., a 4 de noviembre de 2023.- Un adolescente de 16 a\u00f1os de edad result\u00f3 lesionado ente s\u00e1bado, tras una ri\u00f1a entre migrantes, en el albergue temporal ubicado en Juchit\u00e1n de Zaragoza, regi\u00f3n del Istmo de Oaxaca.<\/p>\n\n\n\n<p>De acuerdo con reportes policiacos, la pelea fue entre haitianos y venezolanos, cuando los primeros trataron de comprar un boleto de pasajero sin respetar la fila que ya hab\u00eda.<\/p>\n\n\n\n<p>Ante ello, elementos policiacos locales arribaron al sitio, dispararon a los inconformes y retiraron al adolescente, identificado como Alejandro P. R., originario de Venezuela.<\/p>\n\n\n\n<p>El menor presenta una lesi\u00f3n en la cabeza por lo cual fue atendido por param\u00e9dicos y luego llevado a la comisar\u00eda municipal, para despu\u00e9s entregarlo a sus padres.<\/p>\n\n\n\n<p>En el Centro de Movilidad Migratoria no es el \u00fanico hecho violento que se ha registrado, ante la necesidad de conseguir un boleto para trasladarse a la capital oaxaque\u00f1a o en su caso a la Ciudad de M\u00e9xico.<\/p>\n\n\n\n<p>El ayuntamiento de Juchit\u00e1n inform\u00f3 que tras este incidente, las corporaciones de seguridad de los tres \u00f3rdenes de gobierno reforzaron la vigilancia y seguridad en dicho Centro de Movilidad Migratoria, situado en esa ciudad istme\u00f1a.<\/p>\n","protected":false},"excerpt":{"rendered":"<p>Ismael Garc\u00eda M.\/Zona Roja. Oaxaca de Ju\u00e1rez, Oax., a 4 de noviembre de 2023.- Un&hellip;<\/p>\n","protected":false},"author":2,"featured_media":61720,"comment_status":"closed","ping_status":"open","sticky":false,"template":"","format":"standard","meta":{"_lmt_disableupdate":"","_lmt_disable":"","_jetpack_memberships_contains_paid_content":false,"footnotes":""},"categories":[109,47],"tags":[3641],"class_list":["post-61719","post","type-post","status-publish","format-standard","has-post-thumbnail","hentry","category-minuto-a-minuto","category-zona-gris","tag-migrantes-en-oaxaca"],"jetpack_featured_media_url":"https:\/\/zonaroja.com.mx\/wp-content\/uploads\/2023\/11\/Rina-migrantes-Juchitan.jpg","jetpack_sharing_enabled":true,"_links":{"self":[{"href":"https:\/\/zonaroja.com.mx\/index.php?rest_route=\/wp\/v2\/posts\/61719","targetHints":{"allow":["GET"]}}],"collection":[{"href":"https:\/\/zonaroja.com.mx\/index.php?rest_route=\/wp\/v2\/posts"}],"about":[{"href":"https:\/\/zonaroja.com.mx\/index.php?rest_route=\/wp\/v2\/types\/post"}],"author":[{"embeddable":true,"href":"https:\/\/zonaroja.com.mx\/index.php?rest_route=\/wp\/v2\/users\/2"}],"replies":[{"embeddable":true,"href":"https:\/\/zonaroja.com.mx\/index.php?rest_route=%2Fwp%2Fv2%2Fcomments&post=61719"}],"version-history":[{"count":1,"href":"https:\/\/zonaroja.com.mx\/index.php?rest_route=\/wp\/v2\/posts\/61719\/revisions"}],"predecessor-version":[{"id":61721,"href":"https:\/\/zonaroja.com.mx\/index.php?rest_route=\/wp\/v2\/posts\/61719\/revisions\/61721"}],"wp:featuredmedia":[{"embeddable":true,"href":"https:\/\/zonaroja.com.mx\/index.php?rest_route=\/wp\/v2\/media\/61720"}],"wp:attachment":[{"href":"https:\/\/zonaroja.com.mx\/index.php?rest_route=%2Fwp%2Fv2%2Fmedia&parent=61719"}],"wp:term":[{"taxonomy":"category","embeddable":true,"href":"https:\/\/zonaroja.com.mx\/index.php?rest_route=%2Fwp%2Fv2%2Fcategories&post=61719"},{"taxonomy":"post_tag","embeddable":true,"href":"https:\/\/zonaroja.com.mx\/index.php?rest_route=%2Fwp%2Fv2%2Ftags&post=61719"}],"curies":[{"name":"wp","href":"https:\/\/api.w.org\/{rel}","templated":true}]}}