{"id":61722,"date":"2023-11-05T07:58:00","date_gmt":"2023-11-05T13:58:00","guid":{"rendered":"http:\/\/www.zonaroja.com.mx\/?p=61722"},"modified":"2023-11-05T06:47:30","modified_gmt":"2023-11-05T12:47:30","slug":"que-siempre-no-son-2-no-47-los-municipios-declarados-declarados-desastre-en-guerrero","status":"publish","type":"post","link":"https:\/\/zonaroja.com.mx\/?p=61722","title":{"rendered":"Que siempre no: son 2, no 47 los municipios declarados declarados desastre en Guerrero"},"content":{"rendered":"\n<p>Redacci\u00f3n\/Zona Roja Cdmx.<\/p>\n\n\n\n<p>Ciudad de M\u00e9xico, a 5 de noviembre de 2023.- La Coordinaci\u00f3n Nacional de Protecci\u00f3n Civil (CNPC) baj\u00f3 de 47 a 2 los municipios declarados en desastre natural en Guerrero, tras el paso del hurac\u00e1n \u201cOtis\u201d.<\/p>\n\n\n\n<p>En una correcci\u00f3n publicada en el Diario Oficial de la Federaci\u00f3n (DOF) el 3 de noviembre, aclara que los \u00fanicos municipios contemplados son Acapulco y Coyuca de Ben\u00edtez, con lo que los otros 45 quedan fuera de los mecanismos (econ\u00f3micos y programas sociales) para atender los da\u00f1os desencadenados por fen\u00f3menos naturales.<\/p>\n\n\n\n<p>\u201cSe declara como zona de desastre por la ocurrencia de lluvia severa y vientos fuertes el d\u00eda 24 de octubre de 2023, e inundaci\u00f3n pluvial el 25 de octubre de 2023, para los municipios de Acapulco de Ju\u00e1rez y Coyuca de Ben\u00edtez del estado de Guerrero\u201d, dice la nota aclaratoria publicada en el DOF.<\/p>\n\n\n\n<p>Esta decisi\u00f3n ocurre pese a que adem\u00e1s de Acapulco y Coyuca de Ben\u00edtez, entre los municipios m\u00e1s afectados est\u00e1n Chilpancingo de los Bravos, General Heliodoro Castillo, San Miguel Totolapan, Ajuchitl\u00e1n del Progreso, Petatl\u00e1n, Tecpan de Galeana, Atoyac de \u00c1lvarez, Benito Ju\u00e1rez y Xaltianguis.<\/p>\n\n\n\n<p>En estas zonas&nbsp;muchas de las casas y negocios ya no existen, pues los vientos de m\u00e1s de 260 kil\u00f3metros por hora causados por el&nbsp;hurac\u00e1n \u201cOtis\u201d que lleg\u00f3 a Guerrero como categor\u00eda 5&nbsp;los arranc\u00f3 por completo o por partes.<\/p>\n\n\n\n<p>La declaratoria es un requisito legal para que se activen el Programa para la Atenci\u00f3n de Emergencias por Amenazas Naturales y se pueda utilizar recursos p\u00fablicos&nbsp;para ayudar a la poblaci\u00f3n damnificada por Otis.<\/p>\n\n\n\n<p>De acuerdo con el&nbsp;DOF, desde el 27 de octubre pasado, la gobernadora Evelyn Salgado solicit\u00f3 la&nbsp;declaratoria de desastre natural&nbsp;por el impacto del hurac\u00e1n, que azot\u00f3 el puerto de Acapulco como categor\u00eda 5 y ocasion\u00f3 \u201clluvia severa, vientos fuertes, inundaci\u00f3n fluvial e inundaci\u00f3n pluvial\u201d, del 24 al 26 de octubre.<\/p>\n\n\n\n<p>(Informaci\u00f3n de \u201cAnimal Pol\u00edtico\u201d)<\/p>\n","protected":false},"excerpt":{"rendered":"<p>Redacci\u00f3n\/Zona Roja Cdmx. Ciudad de M\u00e9xico, a 5 de noviembre de 2023.- La Coordinaci\u00f3n Nacional&hellip;<\/p>\n","protected":false},"author":2,"featured_media":61723,"comment_status":"closed","ping_status":"open","sticky":false,"template":"","format":"standard","meta":{"_lmt_disableupdate":"","_lmt_disable":"","_jetpack_memberships_contains_paid_content":false,"footnotes":""},"categories":[109,47],"tags":[3713],"class_list":["post-61722","post","type-post","status-publish","format-standard","has-post-thumbnail","hentry","category-minuto-a-minuto","category-zona-gris","tag-huracan-otis"],"jetpack_featured_media_url":"https:\/\/zonaroja.com.mx\/wp-content\/uploads\/2023\/11\/Desastre-Guerrero-Otis-.webp","jetpack_sharing_enabled":true,"_links":{"self":[{"href":"https:\/\/zonaroja.com.mx\/index.php?rest_route=\/wp\/v2\/posts\/61722","targetHints":{"allow":["GET"]}}],"collection":[{"href":"https:\/\/zonaroja.com.mx\/index.php?rest_route=\/wp\/v2\/posts"}],"about":[{"href":"https:\/\/zonaroja.com.mx\/index.php?rest_route=\/wp\/v2\/types\/post"}],"author":[{"embeddable":true,"href":"https:\/\/zonaroja.com.mx\/index.php?rest_route=\/wp\/v2\/users\/2"}],"replies":[{"embeddable":true,"href":"https:\/\/zonaroja.com.mx\/index.php?rest_route=%2Fwp%2Fv2%2Fcomments&post=61722"}],"version-history":[{"count":1,"href":"https:\/\/zonaroja.com.mx\/index.php?rest_route=\/wp\/v2\/posts\/61722\/revisions"}],"predecessor-version":[{"id":61724,"href":"https:\/\/zonaroja.com.mx\/index.php?rest_route=\/wp\/v2\/posts\/61722\/revisions\/61724"}],"wp:featuredmedia":[{"embeddable":true,"href":"https:\/\/zonaroja.com.mx\/index.php?rest_route=\/wp\/v2\/media\/61723"}],"wp:attachment":[{"href":"https:\/\/zonaroja.com.mx\/index.php?rest_route=%2Fwp%2Fv2%2Fmedia&parent=61722"}],"wp:term":[{"taxonomy":"category","embeddable":true,"href":"https:\/\/zonaroja.com.mx\/index.php?rest_route=%2Fwp%2Fv2%2Fcategories&post=61722"},{"taxonomy":"post_tag","embeddable":true,"href":"https:\/\/zonaroja.com.mx\/index.php?rest_route=%2Fwp%2Fv2%2Ftags&post=61722"}],"curies":[{"name":"wp","href":"https:\/\/api.w.org\/{rel}","templated":true}]}}