{"id":61725,"date":"2023-11-05T08:58:00","date_gmt":"2023-11-05T14:58:00","guid":{"rendered":"http:\/\/www.zonaroja.com.mx\/?p=61725"},"modified":"2023-11-05T07:03:54","modified_gmt":"2023-11-05T13:03:54","slug":"extrano-incendio-en-comitancillo-dana-2-vehiculos-y-archivos-de-obras","status":"publish","type":"post","link":"https:\/\/zonaroja.com.mx\/?p=61725","title":{"rendered":"Extra\u00f1o incendio en Comitancillo da\u00f1a 2 veh\u00edculos\u2026 y archivos de obras"},"content":{"rendered":"\n<p>Redacci\u00f3n\/Zona Roja. Foto: Meganoticias.<\/p>\n\n\n\n<p>Oaxaca de Ju\u00e1rez, Oax., a 5 de noviembre de 2023.- Un extra\u00f1o incendio ocurri\u00f3 ayer en San Pedro Comitancillo, municipio de la regi\u00f3n del Istmo de Tehuantepec, que dej\u00f3 como saldo cuantiosos da\u00f1os materiales, pero adem\u00e1s consumi\u00f3 archivos de obras que ejecuta el ayuntamiento.<\/p>\n\n\n\n<p>El percance ocurri\u00f3 minutos antes del mediod\u00eda de ayer s\u00e1bado en el patio de la Casa de la Cultura de dicha localidad, en que de manera \u201caccidental\u201d inici\u00f3 la conflagraci\u00f3n en un \u00e1rea donde se almacenaban bidones de combustible.<\/p>\n\n\n\n<p>El fuego alcanz\u00f3 de manera r\u00e1pida a dos veh\u00edculos, que terminaron calcinados totalmente, as\u00ed como otras \u00e1reas del recinto, donde hab\u00eda supuestamente documentos archivados sobre la ejecuci\u00f3n de la obra p\u00fablica municipal.<\/p>\n\n\n\n<p>Presuntamente un trabajador comenz\u00f3 a cargar combustible a una unidad de motor pero una chispa, cuyo origen a\u00fan no se especifica, inici\u00f3 el incendio, que dej\u00f3 adem\u00e1s tres personas con quemaduras leves y varias m\u00e1s intoxicadas, as\u00ed como diversos materiales consumidos.<\/p>\n\n\n\n<p>Personal del \u00e1rea de Protecci\u00f3n Civil y bomberos de otros municipios cercanos, entre ellos Juchit\u00e1n de Zaragoza, acudieron a sofocar el siniestro.<\/p>\n\n\n\n<p>Hasta ahora la autoridad municipal de San Pedro Comitancillo, que encabeza Ulises S\u00e1nchez Antonio, no ha dado a conocer la cuantificaci\u00f3n de las afectaciones.<\/p>\n","protected":false},"excerpt":{"rendered":"<p>Redacci\u00f3n\/Zona Roja. Foto: Meganoticias. Oaxaca de Ju\u00e1rez, Oax., a 5 de noviembre de 2023.- Un&hellip;<\/p>\n","protected":false},"author":2,"featured_media":61726,"comment_status":"closed","ping_status":"open","sticky":false,"template":"","format":"standard","meta":{"_lmt_disableupdate":"","_lmt_disable":"","_jetpack_memberships_contains_paid_content":false,"footnotes":""},"categories":[109,47],"tags":[1114],"class_list":["post-61725","post","type-post","status-publish","format-standard","has-post-thumbnail","hentry","category-minuto-a-minuto","category-zona-gris","tag-san-pedro-comitancillo"],"jetpack_featured_media_url":"https:\/\/zonaroja.com.mx\/wp-content\/uploads\/2023\/11\/Incendio-San-Pedro-Comitancillo.jpeg","jetpack_sharing_enabled":true,"_links":{"self":[{"href":"https:\/\/zonaroja.com.mx\/index.php?rest_route=\/wp\/v2\/posts\/61725","targetHints":{"allow":["GET"]}}],"collection":[{"href":"https:\/\/zonaroja.com.mx\/index.php?rest_route=\/wp\/v2\/posts"}],"about":[{"href":"https:\/\/zonaroja.com.mx\/index.php?rest_route=\/wp\/v2\/types\/post"}],"author":[{"embeddable":true,"href":"https:\/\/zonaroja.com.mx\/index.php?rest_route=\/wp\/v2\/users\/2"}],"replies":[{"embeddable":true,"href":"https:\/\/zonaroja.com.mx\/index.php?rest_route=%2Fwp%2Fv2%2Fcomments&post=61725"}],"version-history":[{"count":1,"href":"https:\/\/zonaroja.com.mx\/index.php?rest_route=\/wp\/v2\/posts\/61725\/revisions"}],"predecessor-version":[{"id":61727,"href":"https:\/\/zonaroja.com.mx\/index.php?rest_route=\/wp\/v2\/posts\/61725\/revisions\/61727"}],"wp:featuredmedia":[{"embeddable":true,"href":"https:\/\/zonaroja.com.mx\/index.php?rest_route=\/wp\/v2\/media\/61726"}],"wp:attachment":[{"href":"https:\/\/zonaroja.com.mx\/index.php?rest_route=%2Fwp%2Fv2%2Fmedia&parent=61725"}],"wp:term":[{"taxonomy":"category","embeddable":true,"href":"https:\/\/zonaroja.com.mx\/index.php?rest_route=%2Fwp%2Fv2%2Fcategories&post=61725"},{"taxonomy":"post_tag","embeddable":true,"href":"https:\/\/zonaroja.com.mx\/index.php?rest_route=%2Fwp%2Fv2%2Ftags&post=61725"}],"curies":[{"name":"wp","href":"https:\/\/api.w.org\/{rel}","templated":true}]}}