{"id":6173,"date":"2019-11-28T22:10:26","date_gmt":"2019-11-29T04:10:26","guid":{"rendered":"http:\/\/www.zonaroja.com.mx\/?p=6173"},"modified":"2019-11-28T22:10:29","modified_gmt":"2019-11-29T04:10:29","slug":"el-ejecutado-del-dia-era-integrante-de-un-grupo-musical-en-zacatepec-putla","status":"publish","type":"post","link":"https:\/\/zonaroja.com.mx\/?p=6173","title":{"rendered":"El ejecutado del d\u00eda: era integrante de un grupo musical en Zacatepec, Putla"},"content":{"rendered":"\n<p>Redacci\u00f3n\/Zona Roja.<\/p>\n\n\n\n<p>Oaxaca de Ju\u00e1rez, Oax., 28 de noviembre\nde 2019.- La ejecuci\u00f3n a balazos de un individuo ocurri\u00f3 este jueves en Santa\nMar\u00eda Zacatepec, municipio del distrito de Putla, Oaxaca.<\/p>\n\n\n\n<p>De acuerdo con informes policiacos, se trata de un integrante del grupo \u201cDiamante Musical\u201d de San Felipe Atotonilco, identificado como Ferm\u00edn L. L.<\/p>\n\n\n\n<figure class=\"wp-block-image\"><img decoding=\"async\" width=\"720\" height=\"960\" src=\"http:\/\/www.zonaroja.com.mx\/wp-content\/uploads\/2019\/11\/Ejecutado-Zacatepec-1.jpg\" alt=\"\" class=\"wp-image-6175\" srcset=\"https:\/\/zonaroja.com.mx\/wp-content\/uploads\/2019\/11\/Ejecutado-Zacatepec-1.jpg 720w, https:\/\/zonaroja.com.mx\/wp-content\/uploads\/2019\/11\/Ejecutado-Zacatepec-1-225x300.jpg 225w, https:\/\/zonaroja.com.mx\/wp-content\/uploads\/2019\/11\/Ejecutado-Zacatepec-1-585x780.jpg 585w\" sizes=\"(max-width: 720px) 100vw, 720px\" \/><\/figure>\n\n\n\n<p>El individuo fue ultimado esta noche en\nel centro de la poblaci\u00f3n, cuando sal\u00eda de una reuni\u00f3n de la fiesta de la\ncomunidad; en la calle 16 de Septiembre casi esquina con Venustiano Carranza\nfue agredido a balazos, cuando intentaba abordar su unidad de motor.<\/p>\n\n\n\n<p>Ferm\u00edn presentaba diversos disparos de\narma de fuego en el cuerpo y hasta ahora no se tiene identificado al o los\nprobables agresores, quienes se dieron a la fuga de inmediato.<\/p>\n","protected":false},"excerpt":{"rendered":"<p>Redacci\u00f3n\/Zona Roja. Oaxaca de Ju\u00e1rez, Oax., 28 de noviembre de 2019.- La ejecuci\u00f3n a balazos&hellip;<\/p>\n","protected":false},"author":2,"featured_media":6174,"comment_status":"closed","ping_status":"open","sticky":false,"template":"","format":"standard","meta":{"_lmt_disableupdate":"","_lmt_disable":"","_jetpack_memberships_contains_paid_content":false,"footnotes":""},"categories":[109,51],"tags":[1071],"class_list":["post-6173","post","type-post","status-publish","format-standard","has-post-thumbnail","hentry","category-minuto-a-minuto","category-zona-roja","tag-santa-maria-zacatepec"],"jetpack_featured_media_url":"https:\/\/zonaroja.com.mx\/wp-content\/uploads\/2019\/11\/Ejecutado-Zacatepec-2.jpg","jetpack_sharing_enabled":true,"_links":{"self":[{"href":"https:\/\/zonaroja.com.mx\/index.php?rest_route=\/wp\/v2\/posts\/6173","targetHints":{"allow":["GET"]}}],"collection":[{"href":"https:\/\/zonaroja.com.mx\/index.php?rest_route=\/wp\/v2\/posts"}],"about":[{"href":"https:\/\/zonaroja.com.mx\/index.php?rest_route=\/wp\/v2\/types\/post"}],"author":[{"embeddable":true,"href":"https:\/\/zonaroja.com.mx\/index.php?rest_route=\/wp\/v2\/users\/2"}],"replies":[{"embeddable":true,"href":"https:\/\/zonaroja.com.mx\/index.php?rest_route=%2Fwp%2Fv2%2Fcomments&post=6173"}],"version-history":[{"count":1,"href":"https:\/\/zonaroja.com.mx\/index.php?rest_route=\/wp\/v2\/posts\/6173\/revisions"}],"predecessor-version":[{"id":6176,"href":"https:\/\/zonaroja.com.mx\/index.php?rest_route=\/wp\/v2\/posts\/6173\/revisions\/6176"}],"wp:featuredmedia":[{"embeddable":true,"href":"https:\/\/zonaroja.com.mx\/index.php?rest_route=\/wp\/v2\/media\/6174"}],"wp:attachment":[{"href":"https:\/\/zonaroja.com.mx\/index.php?rest_route=%2Fwp%2Fv2%2Fmedia&parent=6173"}],"wp:term":[{"taxonomy":"category","embeddable":true,"href":"https:\/\/zonaroja.com.mx\/index.php?rest_route=%2Fwp%2Fv2%2Fcategories&post=6173"},{"taxonomy":"post_tag","embeddable":true,"href":"https:\/\/zonaroja.com.mx\/index.php?rest_route=%2Fwp%2Fv2%2Ftags&post=6173"}],"curies":[{"name":"wp","href":"https:\/\/api.w.org\/{rel}","templated":true}]}}