{"id":61733,"date":"2023-11-05T11:29:00","date_gmt":"2023-11-05T17:29:00","guid":{"rendered":"http:\/\/www.zonaroja.com.mx\/?p=61733"},"modified":"2023-11-05T07:36:29","modified_gmt":"2023-11-05T13:36:29","slug":"suman-132-toneladas-de-viveres-los-que-envia-oaxaca-a-damnificados-de-guerrero","status":"publish","type":"post","link":"https:\/\/zonaroja.com.mx\/?p=61733","title":{"rendered":"Suman 132 toneladas de v\u00edveres los que env\u00eda Oaxaca a damnificados de Guerrero"},"content":{"rendered":"\n<p>Redacci\u00f3n\/Zona Roja.&nbsp;<\/p>\n\n\n\n<p>Oaxaca de Ju\u00e1rez, Oax., a 5 de noviembre de 2023.- Este s\u00e1bado parti\u00f3 la caravana de veh\u00edculos de un tercer env\u00edo con 19 toneladas de v\u00edveres donados por los oaxaque\u00f1os, con destino al estado de Guerrero, para ser distribuidos a los damnificados por el hurac\u00e1n \u201cOtis\u201d.<\/p>\n\n\n\n<p>Con ello suma 132 toneladas de alimentos que el Sistema para el Desarrollo Integral de la Familia (DIF) Oaxaca ha hecho llegar, a trav\u00e9s de tres env\u00edos, a los afectados en la entidad vecina.<\/p>\n\n\n\n<p>En un comunicado, el Gobierno del Estado inform\u00f3 que el Sistema DIF Oaxaca encabezado por su presidenta honoraria Irma Bola\u00f1os Quijano encabeza los esfuerzos de las distintas dependencias para seguir respaldando a quienes enfrentan los estragos de la naturaleza.<\/p>\n\n\n\n<p>Detall\u00f3 que son m\u00e1s de dos mil dotaciones alimentarias que sumar\u00e1n al cuidado de igual n\u00famero de familias, quienes tambi\u00e9n contar\u00e1n con un lote de medicamentos y productos de curaci\u00f3n.&nbsp;<\/p>\n\n\n\n<p>Tambi\u00e9n incluye cerca de cinco mil 300 botellas y galones de agua, m\u00e1s de dos mil paquetes de papel higi\u00e9nico y dem\u00e1s productos para higiene personal, as\u00ed como alimento para mascotas, art\u00edculos de limpieza y productos no perecederos.<\/p>\n\n\n\n<p>\u201cEl gobierno de Salom\u00f3n Jara Cruz ha externado su respaldo a las hermanas y hermanos de Guerrero al enviar ayuda humanitaria, en la que el Sistema DIF Oaxaca est\u00e1 presente en coordinaci\u00f3n con el Sistema Nacional DIF para que de manera directa todo este apoyo llegue a las manos de quienes m\u00e1s lo necesitan\u201d, declar\u00f3 Bola\u00f1os Quijano.<\/p>\n\n\n\n<p>Cabe destacar que el 30 de octubre, el organismo estatal envi\u00f3 dos mil colchonetas y 500 camastros y el 1 de noviembre se trasladaron 113 toneladas de v\u00edveres, con apoyo de veh\u00edculos tipo torton, tr\u00e1ileres y veh\u00edculos de caja cerrada.<\/p>\n","protected":false},"excerpt":{"rendered":"<p>Redacci\u00f3n\/Zona Roja.&nbsp; Oaxaca de Ju\u00e1rez, Oax., a 5 de noviembre de 2023.- Este s\u00e1bado parti\u00f3&hellip;<\/p>\n","protected":false},"author":2,"featured_media":61734,"comment_status":"closed","ping_status":"open","sticky":false,"template":"","format":"standard","meta":{"_lmt_disableupdate":"","_lmt_disable":"","_jetpack_memberships_contains_paid_content":false,"footnotes":""},"categories":[109,46],"tags":[841,3713],"class_list":["post-61733","post","type-post","status-publish","format-standard","has-post-thumbnail","hentry","category-minuto-a-minuto","category-zona-blanca","tag-dif-oaxaca","tag-huracan-otis"],"jetpack_featured_media_url":"https:\/\/zonaroja.com.mx\/wp-content\/uploads\/2023\/11\/Viveres-Oaxaca-damnificados-Otis.jpeg","jetpack_sharing_enabled":true,"_links":{"self":[{"href":"https:\/\/zonaroja.com.mx\/index.php?rest_route=\/wp\/v2\/posts\/61733","targetHints":{"allow":["GET"]}}],"collection":[{"href":"https:\/\/zonaroja.com.mx\/index.php?rest_route=\/wp\/v2\/posts"}],"about":[{"href":"https:\/\/zonaroja.com.mx\/index.php?rest_route=\/wp\/v2\/types\/post"}],"author":[{"embeddable":true,"href":"https:\/\/zonaroja.com.mx\/index.php?rest_route=\/wp\/v2\/users\/2"}],"replies":[{"embeddable":true,"href":"https:\/\/zonaroja.com.mx\/index.php?rest_route=%2Fwp%2Fv2%2Fcomments&post=61733"}],"version-history":[{"count":1,"href":"https:\/\/zonaroja.com.mx\/index.php?rest_route=\/wp\/v2\/posts\/61733\/revisions"}],"predecessor-version":[{"id":61735,"href":"https:\/\/zonaroja.com.mx\/index.php?rest_route=\/wp\/v2\/posts\/61733\/revisions\/61735"}],"wp:featuredmedia":[{"embeddable":true,"href":"https:\/\/zonaroja.com.mx\/index.php?rest_route=\/wp\/v2\/media\/61734"}],"wp:attachment":[{"href":"https:\/\/zonaroja.com.mx\/index.php?rest_route=%2Fwp%2Fv2%2Fmedia&parent=61733"}],"wp:term":[{"taxonomy":"category","embeddable":true,"href":"https:\/\/zonaroja.com.mx\/index.php?rest_route=%2Fwp%2Fv2%2Fcategories&post=61733"},{"taxonomy":"post_tag","embeddable":true,"href":"https:\/\/zonaroja.com.mx\/index.php?rest_route=%2Fwp%2Fv2%2Ftags&post=61733"}],"curies":[{"name":"wp","href":"https:\/\/api.w.org\/{rel}","templated":true}]}}