{"id":61739,"date":"2023-11-05T13:45:00","date_gmt":"2023-11-05T19:45:00","guid":{"rendered":"http:\/\/www.zonaroja.com.mx\/?p=61739"},"modified":"2023-11-05T08:02:24","modified_gmt":"2023-11-05T14:02:24","slug":"homicidios-no-cesan-en-guerrero-tras-paso-de-otis-van-25-asesinados","status":"publish","type":"post","link":"https:\/\/zonaroja.com.mx\/?p=61739","title":{"rendered":"Homicidios no cesan en Guerrero: tras paso de \u201cOtis\u201d, van 25 asesinados"},"content":{"rendered":"\n<p>Redacci\u00f3n\/Zona Roja Cdmx.<\/p>\n\n\n\n<p>Ciudad de M\u00e9xico, a 5 de noviembre de 2023.- En medio de la tragedia que se vive en Guerrero tras el paso del hurac\u00e1n \u201cOtis\u201d, la violencia no para en la entidad pues desde el 25 de octubre al 3 de noviembre se contabilizan al menos 21 homicidios dolosos en el estado, seg\u00fan informaci\u00f3n de la Comisi\u00f3n Nacional de Seguridad (CNS).<\/p>\n\n\n\n<p>El d\u00eda m\u00e1s violento despu\u00e9s de que el hurac\u00e1n \u201cOtis\u201d golpeara con una fuerza de categor\u00eda 5 las costas de Guerrero se registr\u00f3 el pasado 2 de noviembre, en plena celebraci\u00f3n por el D\u00eda de Muertos, siete personas fueron asesinadas en la entidad gobernada por Evelyn Salgado.<\/p>\n\n\n\n<p>S\u00f3lo entre el 28 y 29 de octubre se mantuvo un saldo blanco en la entidad; los dem\u00e1s d\u00edas los homicidios oscilaron de uno a tres casos; los cuales se sumaron a la cifra oficial de 47 muertos y 59 personas en calidad de desaparecidas tras el paso del hurac\u00e1n \u201cOtis\u201d.<\/p>\n\n\n\n<p>El 2 de noviembre fue en general un d\u00eda violenta para todo el pa\u00eds, con un total de 98 homicidios dolosos; la mayor\u00eda de ellos ocurrieron en el Estado de M\u00e9xico (14), Guanajuato (10), Nuevo Le\u00f3n (9), Chihuahua (8) y Guerrero (7).<\/p>\n\n\n\n<p>Esta ola de violencia en Guerrero que no se detiene a pesar de la declaratoria de emergencia en 47 de los 81 municipios del estado cobr\u00f3 en promedio la vida de m\u00e1s de dos personas cada d\u00eda.<\/p>\n\n\n\n<p>En la suma de las muertes provocadas de enero a septiembre de 2023, Guerrero ya supera la cifra de los mil asesinatos (mil 73), con el pico m\u00e1s alto de la violencia documentado durante el mes de agosto (167), aunque los cr\u00edmenes en el estado no han bajado de 140 casos en ninguno de los nueve meses del a\u00f1o.<\/p>\n\n\n\n<p>Y es que la violencia en Guerrero ha sido una constante en todo el a\u00f1o, llegando a uno de sus puntos m\u00e1s \u00e1lgidos dos d\u00edas antes del impacto de \u201cOtis\u201d cuando 13 polic\u00edas fueron asesinados durante una emboscada en el municipio de Coyuca de Ben\u00edtez, uno de los m\u00e1s afectados por el impacto del hurac\u00e1n.<\/p>\n\n\n\n<p>Ese lunes negro Guerrero se convirti\u00f3 en la entidad m\u00e1s violenta del pa\u00eds con 17 de los 81 homicidios dolosos en todo el territorio nacional y el \u00fanico estado en superar la barrera de las dos cifras.<\/p>\n\n\n\n<p>A dos a\u00f1os desde su llegada al Gobierno de Guerrero, la estrategia de seguridad de Evelyn Salgado no ha dado resultados. Al menos as\u00ed lo demuestran las cifras del Secretariado Ejecutivo del Sistema Nacional de Seguridad P\u00fablica (SESNSP).<\/p>\n\n\n\n<p>En materia de homicidios dolosos la gobernadora recibi\u00f3 al estado en 2021 con mil 377 asesinatos en todo el a\u00f1o; cifra que se mantuvo casi igual durante 2022 (mil 360); mientras que con la tendencia que se mantiene desde enero a septiembre, las v\u00edctimas mortales en el estado podr\u00edan superar en 150 casos a los a\u00f1os anteriores.<\/p>\n\n\n\n<p>Otros delitos que mantienen una tendencia casi igual son los feminicidios (9) y secuestros (10); en tanto la suma total de todos los delitos en el a\u00f1o pasado provoc\u00f3 la apertura de 27 mil 118 carpetas de investigaci\u00f3n, y a falta de los registros de los \u00faltimos tres meses este campo ya se ubica en 21 mil 176 casos.<\/p>\n\n\n\n<p>(Informaci\u00f3n de infobae M\u00e9xico)<\/p>\n","protected":false},"excerpt":{"rendered":"<p>Redacci\u00f3n\/Zona Roja Cdmx. Ciudad de M\u00e9xico, a 5 de noviembre de 2023.- En medio de&hellip;<\/p>\n","protected":false},"author":2,"featured_media":54456,"comment_status":"closed","ping_status":"open","sticky":false,"template":"","format":"standard","meta":{"_lmt_disableupdate":"","_lmt_disable":"","_jetpack_memberships_contains_paid_content":false,"footnotes":""},"categories":[109,47],"tags":[3721],"class_list":["post-61739","post","type-post","status-publish","format-standard","has-post-thumbnail","hentry","category-minuto-a-minuto","category-zona-gris","tag-violencia-en-guerrero"],"jetpack_featured_media_url":"https:\/\/zonaroja.com.mx\/wp-content\/uploads\/2023\/04\/Escena-crimen-homicidio-violencia-asesinato.webp","jetpack_sharing_enabled":true,"_links":{"self":[{"href":"https:\/\/zonaroja.com.mx\/index.php?rest_route=\/wp\/v2\/posts\/61739","targetHints":{"allow":["GET"]}}],"collection":[{"href":"https:\/\/zonaroja.com.mx\/index.php?rest_route=\/wp\/v2\/posts"}],"about":[{"href":"https:\/\/zonaroja.com.mx\/index.php?rest_route=\/wp\/v2\/types\/post"}],"author":[{"embeddable":true,"href":"https:\/\/zonaroja.com.mx\/index.php?rest_route=\/wp\/v2\/users\/2"}],"replies":[{"embeddable":true,"href":"https:\/\/zonaroja.com.mx\/index.php?rest_route=%2Fwp%2Fv2%2Fcomments&post=61739"}],"version-history":[{"count":1,"href":"https:\/\/zonaroja.com.mx\/index.php?rest_route=\/wp\/v2\/posts\/61739\/revisions"}],"predecessor-version":[{"id":61740,"href":"https:\/\/zonaroja.com.mx\/index.php?rest_route=\/wp\/v2\/posts\/61739\/revisions\/61740"}],"wp:featuredmedia":[{"embeddable":true,"href":"https:\/\/zonaroja.com.mx\/index.php?rest_route=\/wp\/v2\/media\/54456"}],"wp:attachment":[{"href":"https:\/\/zonaroja.com.mx\/index.php?rest_route=%2Fwp%2Fv2%2Fmedia&parent=61739"}],"wp:term":[{"taxonomy":"category","embeddable":true,"href":"https:\/\/zonaroja.com.mx\/index.php?rest_route=%2Fwp%2Fv2%2Fcategories&post=61739"},{"taxonomy":"post_tag","embeddable":true,"href":"https:\/\/zonaroja.com.mx\/index.php?rest_route=%2Fwp%2Fv2%2Ftags&post=61739"}],"curies":[{"name":"wp","href":"https:\/\/api.w.org\/{rel}","templated":true}]}}