{"id":61741,"date":"2023-11-05T17:25:13","date_gmt":"2023-11-05T23:25:13","guid":{"rendered":"http:\/\/www.zonaroja.com.mx\/?p=61741"},"modified":"2023-11-05T17:25:15","modified_gmt":"2023-11-05T23:25:15","slug":"demanda-ong-y-particular-al-gobierno-federal-informe-sobre-zonas-contaminadas-en-oaxaca","status":"publish","type":"post","link":"https:\/\/zonaroja.com.mx\/?p=61741","title":{"rendered":"Demanda ONG y particular al gobierno federal informe sobre zonas contaminadas en Oaxaca"},"content":{"rendered":"\n<p>Redacci\u00f3n\/Zona Roja. <\/p>\n\n\n\n<p>Oaxaca de Ju\u00e1rez, Oax., a 5 de noviembre de 2023.- La joven Mar\u00eda Fernanda Hern\u00e1ndez Morales, acompa\u00f1ada por la asociaci\u00f3n civil Litigio Estrat\u00e9gico Ind\u00edgena, present\u00f3 una demanda de amparo en la que reclama la omisi\u00f3n del gobierno federal la construcci\u00f3n de un sistema de informaci\u00f3n actualizada en el que aparezca el listado de zonas contaminadas, por tipo de contaminante y localizaci\u00f3n.<\/p>\n\n\n\n<p>En su demanda presentada ante el Juzgado de Distrito en el estado de Oaxaca, con residencia en San Bartolo Coyotepec, advirti\u00f3 que esta omisi\u00f3n no s\u00f3lo incumple con el acuerdo de Escaz\u00fa que firm\u00f3 M\u00e9xico junto con otros 23 pa\u00edses, tambi\u00e9n vulnera su derecho de acceso a la informaci\u00f3n y a la participaci\u00f3n ciudadana.<\/p>\n\n\n\n<p>Mar\u00eda Fernanda Hern\u00e1ndez es originaria de San Sebasti\u00e1n Tutla, municipio conurbado a la ciudad de Oaxaca, y por este lugar pasa el r\u00edo \u201cSalado\u201d, que est\u00e1 contaminado.&nbsp;<\/p>\n\n\n\n<p>Esa es una de las razones, manifest\u00f3, por las que est\u00e1 interesada en obtener informaci\u00f3n ambiental para ejercer su derecho a la participaci\u00f3n ambiental.<\/p>\n\n\n\n<p>El Acuerdo de Escaz\u00fa fue adoptado por 24 pa\u00edses el 4 de marzo de 2018, M\u00e9xico ratific\u00f3 el tratado el 22 de abril de 2021 y actualmente forma parte de la regularidad constitucional.<\/p>\n\n\n\n<p>Hasta este momento, el gobierno federal no ha cumplido ninguno de los deberes del Acuerdo de Escaz\u00fa; \u201cpero lo que especialmente me preocupa\u201d, se\u00f1al\u00f3, \u201ces que el Estado Mexicano no ha cumplido con el acuerdo 6 numeral 3 que ordena la construcci\u00f3n de un sistema de informaci\u00f3n actualizada en el que aparezca el listado de zonas contaminadas, por tipo de contaminante y localizaci\u00f3n\u201d.<\/p>\n\n\n\n<p>Tambi\u00e9n mencion\u00f3 que el 1 de septiembre de 2023 se public\u00f3 el Quinto informe de labores de la Semarnat sin que aparezca que se haya construido el Sistema de Informaci\u00f3n ni la publicaci\u00f3n del listado.<\/p>\n\n\n\n<p>\u201cEl incumplimiento en la construcci\u00f3n del Sistema ordenado en el Acuerdo de Escaz\u00fa, vulnera mi derecho al acceso a la informaci\u00f3n ambiental y por lo tanto impide que pueda ejercer mi derecho a la participaci\u00f3n ciudadana\u201d.<\/p>\n\n\n\n<p>Como persona humana, advirti\u00f3 la falta de garant\u00eda a su derecho humano a un medio ambiente sano y a la informaci\u00f3n sobre las actuaciones que conciernen para las medidas tendentes para cumplir dichos derechos.<\/p>\n\n\n\n<p>\u201cTengo el derecho a que el Estado Mexicano construya el Sistema de Informaci\u00f3n que es la base de la participaci\u00f3n ciudadana en materia ambiental. Asimismo, tengo el derecho a instar la acci\u00f3n de amparo en defensa de los derechos humanos a conocer sobre la informaci\u00f3n de las actuaciones que ha realizado el Estado para garantizar los derechos antes mencionados, no \u00fanicamente interesa a mi persona, sino a la comunidad en general\u201d, sostuvo.<\/p>\n\n\n\n<p>En la demanda de amparo, la joven Mar\u00eda Fernanda Hern\u00e1ndez con el apoyo de Litigio Estrat\u00e9gico Ind\u00edgena, reclama la violaci\u00f3n a los derechos humanos al acceso a la informaci\u00f3n ambiental, as\u00ed como a la participaci\u00f3n ciudadana.<\/p>\n","protected":false},"excerpt":{"rendered":"<p>Redacci\u00f3n\/Zona Roja. Oaxaca de Ju\u00e1rez, Oax., a 5 de noviembre de 2023.- La joven Mar\u00eda&hellip;<\/p>\n","protected":false},"author":2,"featured_media":46389,"comment_status":"closed","ping_status":"open","sticky":false,"template":"","format":"standard","meta":{"_lmt_disableupdate":"","_lmt_disable":"","_jetpack_memberships_contains_paid_content":false,"footnotes":""},"categories":[109,46],"tags":[],"class_list":["post-61741","post","type-post","status-publish","format-standard","has-post-thumbnail","hentry","category-minuto-a-minuto","category-zona-blanca"],"jetpack_featured_media_url":"https:\/\/zonaroja.com.mx\/wp-content\/uploads\/2022\/09\/Basura-CATEM-rio-Atoyac-ribera.jpg","jetpack_sharing_enabled":true,"_links":{"self":[{"href":"https:\/\/zonaroja.com.mx\/index.php?rest_route=\/wp\/v2\/posts\/61741","targetHints":{"allow":["GET"]}}],"collection":[{"href":"https:\/\/zonaroja.com.mx\/index.php?rest_route=\/wp\/v2\/posts"}],"about":[{"href":"https:\/\/zonaroja.com.mx\/index.php?rest_route=\/wp\/v2\/types\/post"}],"author":[{"embeddable":true,"href":"https:\/\/zonaroja.com.mx\/index.php?rest_route=\/wp\/v2\/users\/2"}],"replies":[{"embeddable":true,"href":"https:\/\/zonaroja.com.mx\/index.php?rest_route=%2Fwp%2Fv2%2Fcomments&post=61741"}],"version-history":[{"count":1,"href":"https:\/\/zonaroja.com.mx\/index.php?rest_route=\/wp\/v2\/posts\/61741\/revisions"}],"predecessor-version":[{"id":61742,"href":"https:\/\/zonaroja.com.mx\/index.php?rest_route=\/wp\/v2\/posts\/61741\/revisions\/61742"}],"wp:featuredmedia":[{"embeddable":true,"href":"https:\/\/zonaroja.com.mx\/index.php?rest_route=\/wp\/v2\/media\/46389"}],"wp:attachment":[{"href":"https:\/\/zonaroja.com.mx\/index.php?rest_route=%2Fwp%2Fv2%2Fmedia&parent=61741"}],"wp:term":[{"taxonomy":"category","embeddable":true,"href":"https:\/\/zonaroja.com.mx\/index.php?rest_route=%2Fwp%2Fv2%2Fcategories&post=61741"},{"taxonomy":"post_tag","embeddable":true,"href":"https:\/\/zonaroja.com.mx\/index.php?rest_route=%2Fwp%2Fv2%2Ftags&post=61741"}],"curies":[{"name":"wp","href":"https:\/\/api.w.org\/{rel}","templated":true}]}}