{"id":61743,"date":"2023-11-05T18:56:55","date_gmt":"2023-11-06T00:56:55","guid":{"rendered":"http:\/\/www.zonaroja.com.mx\/?p=61743"},"modified":"2023-11-05T18:56:58","modified_gmt":"2023-11-06T00:56:58","slug":"en-sinaloa-se-intoxican-con-fentanilo-dos-ninos-uno-muere","status":"publish","type":"post","link":"https:\/\/zonaroja.com.mx\/?p=61743","title":{"rendered":"En Sinaloa se intoxican con fentanilo dos ni\u00f1os; uno muere"},"content":{"rendered":"\n<p>Redacci\u00f3n\/Zona Roja Cdmx.<\/p>\n\n\n\n<p>Ciudad de M\u00e9xico, a 5 de noviembre de 2023.- Dos ni\u00f1os presuntamente intoxicados con fentanilo fueron atendidos en el Hospital Pedi\u00e1trico Infantil en Culiac\u00e1n, uno falleci\u00f3 y el otro fue dado de alta.<\/p>\n\n\n\n<p>Ambos casos son investigados por la Fiscal\u00eda General de Sinaloa, que confirmar\u00e1 el narc\u00f3tico que ingirieron y la manera en que lo hicieron, inform\u00f3 Cuitl\u00e1huac Gonz\u00e1lez Galindo, secretario de Salud del estado.<\/p>\n\n\n\n<p>Explic\u00f3 que, seg\u00fan el reporte, Juli\u00e1n, de un a\u00f1o siete meses, lleg\u00f3 la noche del pasado jueves al hospital infantil; el menor iba intubado debido a que ya hab\u00eda sido atendido en el Hospital Civil, donde le realizaron ex\u00e1menes preliminares que arrojaron que estaba intoxicado con el opioide.<\/p>\n\n\n\n<p>Detall\u00f3 que el menor fue llevado por sus familiares a las 11:30 horas al Hospital Civil y despu\u00e9s trasladado al pedi\u00e1trico, pero por la gravedad del caso falleci\u00f3 a las 5:40 de la ma\u00f1ana del viernes.<\/p>\n\n\n\n<p>Elementos de la vicefiscal\u00eda zona centro acudieron al sanatorio para recabar informaci\u00f3n, mientras el cuerpo fue llevado al Servicio M\u00e9dico Forense para determinar oficialmente qu\u00e9 narc\u00f3tico ingiri\u00f3 el ni\u00f1o; el organismo inici\u00f3 una carpeta de investigaci\u00f3n.<\/p>\n\n\n\n<p>El director del Hospital Pedi\u00e1trico Infantil, Carlos Su\u00e1rez, refiri\u00f3 que en el Hospital Civil le dieron los primeros auxilios a Juli\u00e1n, pero debido a que tuvo un cuadro grave de insuficiencia respiratoria, lo trasladaron al \u00e1rea de emergencias del pedi\u00e1trico y luego a terapia intensiva donde no respondi\u00f3 a los manejos de los m\u00e9dicos.<\/p>\n\n\n\n<p>TUVO SANGRADO<\/p>\n\n\n\n<p>Precis\u00f3 que la causa del fallecimiento fue por sangrado pulmonar, derivado de la ingesta de una sustancia relacionada con fentanilo y que a\u00fan se desconoce c\u00f3mo lleg\u00f3 a su organismo.<\/p>\n\n\n\n<p>Respecto del ni\u00f1o Dami\u00e1n N, de 4 a\u00f1os, se dio a conocer que ingres\u00f3 al hospital el viernes, a las 14 horas con somnolencia, debilidad, salivaci\u00f3n y dificultad respiratoria, debido a una intoxicaci\u00f3n de leve a moderada ocasionada por fentanilo, seg\u00fan las pruebas toxicol\u00f3gicas que le realizaron.<\/p>\n\n\n\n<p>Carlos Su\u00e1rez coment\u00f3 que el menor se encuentra estable, evolucion\u00f3 favorablemente durante las horas de observaci\u00f3n y ayer fue dado de alta.<\/p>\n\n\n\n<p>Recomend\u00f3 a los padres de familia que con la finalidad de evitar situaciones como \u00e9stas, no deben dejar al alcance de los menores sustancias qu\u00edmicas como detergentes, insecticidas o medicamentos que puedan provocar da\u00f1os a la salud e incluso la muerte.<\/p>\n\n\n\n<p>(Informaci\u00f3n de \u201cLa Jornada\u201d)<\/p>\n","protected":false},"excerpt":{"rendered":"<p>Redacci\u00f3n\/Zona Roja Cdmx. Ciudad de M\u00e9xico, a 5 de noviembre de 2023.- Dos ni\u00f1os presuntamente&hellip;<\/p>\n","protected":false},"author":2,"featured_media":52671,"comment_status":"closed","ping_status":"open","sticky":false,"template":"","format":"standard","meta":{"_lmt_disableupdate":"","_lmt_disable":"","_jetpack_memberships_contains_paid_content":false,"footnotes":""},"categories":[109,47],"tags":[3463],"class_list":["post-61743","post","type-post","status-publish","format-standard","has-post-thumbnail","hentry","category-minuto-a-minuto","category-zona-gris","tag-fentanilo-en-mexico"],"jetpack_featured_media_url":"https:\/\/zonaroja.com.mx\/wp-content\/uploads\/2023\/03\/Fentanilo-4.webp","jetpack_sharing_enabled":true,"_links":{"self":[{"href":"https:\/\/zonaroja.com.mx\/index.php?rest_route=\/wp\/v2\/posts\/61743","targetHints":{"allow":["GET"]}}],"collection":[{"href":"https:\/\/zonaroja.com.mx\/index.php?rest_route=\/wp\/v2\/posts"}],"about":[{"href":"https:\/\/zonaroja.com.mx\/index.php?rest_route=\/wp\/v2\/types\/post"}],"author":[{"embeddable":true,"href":"https:\/\/zonaroja.com.mx\/index.php?rest_route=\/wp\/v2\/users\/2"}],"replies":[{"embeddable":true,"href":"https:\/\/zonaroja.com.mx\/index.php?rest_route=%2Fwp%2Fv2%2Fcomments&post=61743"}],"version-history":[{"count":1,"href":"https:\/\/zonaroja.com.mx\/index.php?rest_route=\/wp\/v2\/posts\/61743\/revisions"}],"predecessor-version":[{"id":61744,"href":"https:\/\/zonaroja.com.mx\/index.php?rest_route=\/wp\/v2\/posts\/61743\/revisions\/61744"}],"wp:featuredmedia":[{"embeddable":true,"href":"https:\/\/zonaroja.com.mx\/index.php?rest_route=\/wp\/v2\/media\/52671"}],"wp:attachment":[{"href":"https:\/\/zonaroja.com.mx\/index.php?rest_route=%2Fwp%2Fv2%2Fmedia&parent=61743"}],"wp:term":[{"taxonomy":"category","embeddable":true,"href":"https:\/\/zonaroja.com.mx\/index.php?rest_route=%2Fwp%2Fv2%2Fcategories&post=61743"},{"taxonomy":"post_tag","embeddable":true,"href":"https:\/\/zonaroja.com.mx\/index.php?rest_route=%2Fwp%2Fv2%2Ftags&post=61743"}],"curies":[{"name":"wp","href":"https:\/\/api.w.org\/{rel}","templated":true}]}}