{"id":61748,"date":"2023-11-05T20:36:22","date_gmt":"2023-11-06T02:36:22","guid":{"rendered":"http:\/\/www.zonaroja.com.mx\/?p=61748"},"modified":"2023-11-05T20:36:24","modified_gmt":"2023-11-06T02:36:24","slug":"muere-una-mujer-por-disparos-de-arma-de-fuego-en-juquila-oaxaca","status":"publish","type":"post","link":"https:\/\/zonaroja.com.mx\/?p=61748","title":{"rendered":"Muere una mujer por disparos de arma de fuego en Juquila, Oaxaca"},"content":{"rendered":"\n<p>Ismael Garc\u00eda M.\/Zona Roja.<\/p>\n\n\n\n<p>Oaxaca de Ju\u00e1rez, Oax., a 5 de noviembre de 2023.- Una mujer de la tercera edad perdi\u00f3 la vida por disparos de arma de fuego, en el municipio de Santa Catarina Juquila, perteneciente a la regi\u00f3n Costa de Oaxaca.<\/p>\n\n\n\n<p>Presuntamente en las inmediaciones donde se encontraba la v\u00edctima, en la colonia 3 de Mayo, cerca de las 23:00 horas del pasado viernes personas desconocidas detonaron los balazos y uno de ellos la habr\u00eda alcanzado.<\/p>\n\n\n\n<p>La mujer, identificada como Aurora G., de 67 a\u00f1os de edad, fue trasladada al hospital comunitario de dicho municipio, donde muri\u00f3 a causa de la gravedad de la lesi\u00f3n.<\/p>\n\n\n\n<p>Polic\u00edas municipales se movilizaron despu\u00e9s de los hechos pero hasta el momento no han dado con el o los responsables de la detonaci\u00f3n del arma de fuego.<\/p>\n\n\n\n<p>En tanto, la Vicefiscal\u00eda Regional de la Costa inici\u00f3 con la carpeta de investigaci\u00f3n correspondiente, para esclarecer el homicidio.<\/p>\n","protected":false},"excerpt":{"rendered":"<p>Ismael Garc\u00eda M.\/Zona Roja. Oaxaca de Ju\u00e1rez, Oax., a 5 de noviembre de 2023.- Una&hellip;<\/p>\n","protected":false},"author":2,"featured_media":34293,"comment_status":"closed","ping_status":"open","sticky":false,"template":"","format":"standard","meta":{"_lmt_disableupdate":"","_lmt_disable":"","_jetpack_memberships_contains_paid_content":false,"footnotes":""},"categories":[109,51],"tags":[545],"class_list":["post-61748","post","type-post","status-publish","format-standard","has-post-thumbnail","hentry","category-minuto-a-minuto","category-zona-roja","tag-santa-catarina-juquila"],"jetpack_featured_media_url":"https:\/\/zonaroja.com.mx\/wp-content\/uploads\/2021\/11\/Mujer-asesinada-feminicidio-violencia-2.jpg","jetpack_sharing_enabled":true,"_links":{"self":[{"href":"https:\/\/zonaroja.com.mx\/index.php?rest_route=\/wp\/v2\/posts\/61748","targetHints":{"allow":["GET"]}}],"collection":[{"href":"https:\/\/zonaroja.com.mx\/index.php?rest_route=\/wp\/v2\/posts"}],"about":[{"href":"https:\/\/zonaroja.com.mx\/index.php?rest_route=\/wp\/v2\/types\/post"}],"author":[{"embeddable":true,"href":"https:\/\/zonaroja.com.mx\/index.php?rest_route=\/wp\/v2\/users\/2"}],"replies":[{"embeddable":true,"href":"https:\/\/zonaroja.com.mx\/index.php?rest_route=%2Fwp%2Fv2%2Fcomments&post=61748"}],"version-history":[{"count":1,"href":"https:\/\/zonaroja.com.mx\/index.php?rest_route=\/wp\/v2\/posts\/61748\/revisions"}],"predecessor-version":[{"id":61749,"href":"https:\/\/zonaroja.com.mx\/index.php?rest_route=\/wp\/v2\/posts\/61748\/revisions\/61749"}],"wp:featuredmedia":[{"embeddable":true,"href":"https:\/\/zonaroja.com.mx\/index.php?rest_route=\/wp\/v2\/media\/34293"}],"wp:attachment":[{"href":"https:\/\/zonaroja.com.mx\/index.php?rest_route=%2Fwp%2Fv2%2Fmedia&parent=61748"}],"wp:term":[{"taxonomy":"category","embeddable":true,"href":"https:\/\/zonaroja.com.mx\/index.php?rest_route=%2Fwp%2Fv2%2Fcategories&post=61748"},{"taxonomy":"post_tag","embeddable":true,"href":"https:\/\/zonaroja.com.mx\/index.php?rest_route=%2Fwp%2Fv2%2Ftags&post=61748"}],"curies":[{"name":"wp","href":"https:\/\/api.w.org\/{rel}","templated":true}]}}