{"id":61752,"date":"2023-11-06T07:22:11","date_gmt":"2023-11-06T13:22:11","guid":{"rendered":"http:\/\/www.zonaroja.com.mx\/?p=61752"},"modified":"2023-11-06T07:22:14","modified_gmt":"2023-11-06T13:22:14","slug":"opinion-otis-la-desgracia-en-guerrero-y-la-miseria-de-los-politicos","status":"publish","type":"post","link":"https:\/\/zonaroja.com.mx\/?p=61752","title":{"rendered":"Opini\u00f3n. \u201cOtis\u201d, la desgracia en Guerrero y la miseria de los pol\u00edticos"},"content":{"rendered":"\n<p>Ismael Garc\u00eda M.\/Zona Roja.<\/p>\n\n\n\n<p>Oaxaca de Ju\u00e1rez, Oax., a 6 de noviembre de 2023.- La tragedia causada por el hurac\u00e1n \u201cOtis\u201d en el estado de Guerrero ha desatado las m\u00e1s bajas pasiones pol\u00edticas\u2026 en lugar de unir a M\u00e9xico para apoyar a los damnificados.<\/p>\n\n\n\n<p>Uno a otro se culpan de la tragedia, que hasta el domingo registraba 47 personas fallecidas y 56 desaparecidas, sin contar con los multimillonarios da\u00f1os materiales.<\/p>\n\n\n\n<p>Que si el gobierno de Andr\u00e9s Manuel L\u00f3pez Obrador reaccion\u00f3 tarde y lento; que si los pron\u00f3sticos meteorol\u00f3gicos fallaron; que si la oposici\u00f3n y los \u201cconservadores\u201d son los culpables de crispar al pa\u00eds y generar noticias falsas, que si no hay Fonden; que si la sociedad civil se ha comenzado a levantar sola de la tragedia\u2026<\/p>\n\n\n\n<p>Cualquier cantidad de declaraciones est\u00fapidas de morenistas, priistas, panistas, sin partido, precandidatos a la Presidencia de la Rep\u00fablica o a otro cargo, senadores, diputados y todo aquel que se siente generador de opini\u00f3n p\u00fablica.<\/p>\n\n\n\n<p>Pero en medio est\u00e1 la devastaci\u00f3n de miles de personas, hombres, mujeres, adultos y menores de edad, que lo \u00fanico que est\u00e1n esperando es que las manos de las y los mexicanos se extiendan sin tanta discusi\u00f3n, para tener un mendrugo y apoyos para reconstruir su vivienda.<\/p>\n\n\n\n<p>PASO A PASO<\/p>\n\n\n\n<p>As\u00ed sea con una semana de anticipaci\u00f3n, es pr\u00e1cticamente imposible evacuar a una ciudad con cerca de 700 mil habitantes, como es el caso de Acapulco, para evitar tragedias ante un fen\u00f3meno natural devastador.<\/p>\n\n\n\n<p>En realidad los pron\u00f3sticos son esos, probabilidades, pero ninguna certeza de un hecho de la naturaleza y m\u00e1xima cuando el cambio clim\u00e1tico ha modificado dr\u00e1sticamente las eventualidades.<\/p>\n\n\n\n<p>Claro, se puede estar alerta y tomar las medidas preventivas, en este caso ante un hurac\u00e1n, pero de ninguna manera se podr\u00eda salvar de los da\u00f1os materiales y de las afectaciones a la vida humana. Y desde luego, no se trata de justificar a ninguna autoridad.<\/p>\n\n\n\n<p>El periodista Ra\u00fal Trejo Delarbre recopil\u00f3 y rese\u00f1\u00f3 en su m\u00e1s reciente art\u00edculo:&nbsp;<\/p>\n\n\n\n<p>A las 6 de la tarde del martes 24 de octubre, el Centro Nacional de Huracanes, ubicado en Miami, expidi\u00f3 una alerta especial: \u201c1. Se pronostica que \u2018Otis\u2019 ser\u00e1 un hurac\u00e1n de categor\u00eda 5, potencialmente catastr\u00f3fica, cuando llegue esta noche, o la madrugada del mi\u00e9rcoles, a la costa sur de M\u00e9xico, y los preparativos para proteger vidas y propiedades deben acelerarse\u201d.&nbsp;<\/p>\n\n\n\n<p>A las 9 de la noche, un nuevo reporte anticipaba \u201cun escenario de pesadilla\u201d.<\/p>\n\n\n\n<p>Los informes del NHC, por sus siglas en ingl\u00e9s, est\u00e1n disponibles en su sito web. Los meteor\u00f3logos los consultan constantemente. Se puede asegurar, a partir de ellos, que al menos seis horas antes de que el hurac\u00e1n \u2018Otis\u2019 destruyera a Acapulco, se sab\u00eda que tendr\u00eda una intensidad inusitada.<\/p>\n\n\n\n<p>No es verdad, como se ha dicho, que el gobierno de M\u00e9xico supo de la magnitud de \u201cOtis\u201d con un d\u00eda de anticipaci\u00f3n. Pero cont\u00f3 con esa informaci\u00f3n desde la tarde del martes 24 y no reaccion\u00f3 de acuerdo con tal emergencia.&nbsp;<\/p>\n\n\n\n<p>A las 20.25 hrs. en la cuenta del presidente L\u00f3pez Obrador en Twitter, un \u201catento aviso\u201d dec\u00eda que \u201cOtis\u201d entrar\u00eda por la Costa de Guerrero con fuerza de categor\u00eda 5, pero entre 4 y 6 de la ma\u00f1ana.&nbsp;<\/p>\n\n\n\n<p>Hasta ah\u00ed los detalles del fen\u00f3meno que dio el acad\u00e9mico y periodista Trejo Delarbre y cuyos datos son p\u00fablicos y de todos conocidos.<\/p>\n\n\n\n<p>Vino la tragedia de todos conocido y vinieron los reproches y las acusaciones mutuas, en su mayor\u00eda basados en noticias falsas.<\/p>\n\n\n\n<p>Es cierto, hubo una reacci\u00f3n tard\u00eda, desconcierto y desinformaci\u00f3n por muchas horas, aunque natural la incomunicaci\u00f3n, pues los fuertes vientos tiraron muchas antenas de telecomunicaciones y torres de energ\u00eda el\u00e9ctrica.<\/p>\n\n\n\n<p>Natural tambi\u00e9n que la ayuda comience a llegar tarde, ante la devastaci\u00f3n de caminos y carreteras.<\/p>\n\n\n\n<p>Pero tambi\u00e9n es cierta la negligencia y tardanza de los gobiernos estatal y municipal, en este caso de Acapulco y de Coyuca de Ben\u00edtez, surgidos por cierto del Partido Morena, al igual que la administraci\u00f3n federal.<\/p>\n\n\n\n<p>OAXACA, EPICENTRO<\/p>\n\n\n\n<p>Si hay alg\u00fan estado del pa\u00eds que ha tenido toda clase de tragedias, es Oaxaca, y la solidaridad no se la regateado desde todas partes del pa\u00eds e incluso desde el extranjero.<\/p>\n\n\n\n<p>De las que recordamos, en el sexenio del priista Diodoro Carrasco Altamirano, un devastador incendio forestal en la zona de los Chimalapas, que da\u00f1\u00f3 miles de hect\u00e1reas y que caus\u00f3 un gran impacto ambiental incluso a nivel mundial.<\/p>\n\n\n\n<p>En ese sexenio azot\u00f3 tambi\u00e9n \u201cPaulina\u201d, uno de los huracanes m\u00e1s potentes, que dejaron muertos y da\u00f1os cuantiosos en municipios de las regiones Costa y Sierra Sur; las im\u00e1genes eran semejantes a lo que hoy ocurre en Guerrero.<\/p>\n\n\n\n<p>Y en esos casos nadie critic\u00f3 ni la tardanza ni la falta previsi\u00f3n; no hab\u00eda redes sociales a\u00fan, pero s\u00ed hab\u00eda suficientes medios de comunicaci\u00f3n impresos y electr\u00f3nicos para hacer los se\u00f1alamientos.&nbsp;<\/p>\n\n\n\n<p>Con Jos\u00e9 Murat fueron al menos dos sismos de gran magnitud, uno de ellos en la regi\u00f3n Mixteca, con fuertes afectaciones en viviendas.<\/p>\n\n\n\n<p>Ulises Ruiz y Gabino Cu\u00e9 tuvieron tambi\u00e9n sus tragedias, principalmente con inundaciones a viviendas con intensas lluvias.&nbsp;<\/p>\n\n\n\n<p>Con Alejandro Murat tampoco faltaron las tragedias y quiz\u00e1 sea el sexenio con mayores afectaciones, como los dos terremotos, uno de ellos de 2017, que devastaron la regi\u00f3n del Istmo; el m\u00e1s reciente, el a\u00f1o pasado con \u201c\u00c1gatha\u201d.<\/p>\n\n\n\n<p>En el caso del terremoto, termin\u00f3 el sexenio del priista Enrique Pe\u00f1a Nieto y la reconstrucci\u00f3n no concluy\u00f3; incluso actualmente se realizan rehabilitaciones, sobre todo de inmuebles hist\u00f3ricos. Hubo corrupci\u00f3n, por supuesto, pero nadie ha pisado la c\u00e1rcel por ello.<\/p>\n\n\n\n<p>De los da\u00f1os del a\u00f1o pasado a causa de las lluvias, hubo respuesta pronta del gobierno de L\u00f3pez Obrador y ahora la din\u00e1mica fue entregar los recursos a los ayuntamientos, aunque eso no signific\u00f3 que no hubiera corrupci\u00f3n, pues al menos tres presidentes municipales pr\u00e1cticamente se llevaron el dinero.<\/p>\n\n\n\n<p>Es decir, nadie est\u00e1 preparado para enfrentar un desastre natural, a\u00fan cuando diga que tiene comit\u00e9s de protecci\u00f3n civil en todos los \u00f3rdenes y que promueve en las familias la previsi\u00f3n.<\/p>\n\n\n\n<p>Es decir, nadie est\u00e1 exento de la corrupci\u00f3n, pues muchos millones de pesos despiertan la ambici\u00f3n de los pol\u00edticos de toda clase, sea del partido que fuere.<\/p>\n\n\n\n<p>No, insistimos, no se trata de defender al sexenio de L\u00f3pez Obrador ni de culpar a la naturaleza, sino de tratar de ver todo en su justa dimensi\u00f3n.&nbsp;<\/p>\n\n\n\n<p>Por supuesto, la historia juzgara, en el corto y mediano plazo, al hoy Presidente de M\u00e9xico, pero deber\u00e1 ser con acusaciones formales y pruebas fehacientes, de lo contrario seguiremos en el chismer\u00edo pol\u00edtico-electoral.<\/p>\n\n\n\n<p>\u00bfSEGUIMOS ACUS\u00c1NDONOS?<\/p>\n\n\n\n<p>Efectivamente, el entorno electoral actual -con la elecci\u00f3n de Presidente de la Rep\u00fablica, senadores y diputados federales- ha enervado y enrarecido m\u00e1s la situaci\u00f3n social.<\/p>\n\n\n\n<p>Pero de ninguna manera justifica llenar de acusaciones sin ton ni son, s\u00f3lo para ganar adeptos; unos para desacreditar m\u00e1s al mandatario mexicano; otros para ensalzar a sus candidatos o candidatas.<\/p>\n\n\n\n<p>\u00bfAcaso nadie ha percibido que mientras la tragedia invade a miles de familias guerrerenses, el crimen organizado sigue m\u00e1s latente que nunca?<\/p>\n\n\n\n<p>\u00bfNi siquiera han discutido y\/o hecho p\u00fablico que detr\u00e1s de esta campa\u00f1a medi\u00e1tica podr\u00edan estar los grupos delictivos?<\/p>\n\n\n\n<p>M\u00e1s a\u00fan, \u00bfno deber\u00edamos prever cualquier eventualidad de la naturaleza desde la casa, desde la familia?<\/p>\n\n\n\n<p>La primera responsabilidad con el cuidado del medio ambiente est\u00e1 en cada uno de nosotros.&nbsp;<\/p>\n\n\n\n<p>Si tiramos la basura por todos lados, si no hay cultura de la separaci\u00f3n y reciclaje de los desechos, si usamos de manera indiscriminada el agua, si nos acabamos los bosques, si tiramos aguas residuales a los r\u00edos\u2026 \u00bfpor qu\u00e9 la naturaliza no debiera de comportarse de manera extrema?<\/p>\n\n\n\n<p>Seamos propositivos, pero sobre todo solidarios, antes de seguir en la carro\u00f1a pol\u00edtica.&nbsp;<\/p>\n\n\n\n<p>Pero, por cierto, en lugar de criticar para seguir generando caos medi\u00e1tico, \u00bfya hizo alguna aportaci\u00f3n para los hermanos guerrerenses?<\/p>\n","protected":false},"excerpt":{"rendered":"<p>Ismael Garc\u00eda M.\/Zona Roja. Oaxaca de Ju\u00e1rez, Oax., a 6 de noviembre de 2023.- La&hellip;<\/p>\n","protected":false},"author":2,"featured_media":41735,"comment_status":"closed","ping_status":"open","sticky":false,"template":"","format":"standard","meta":{"_lmt_disableupdate":"","_lmt_disable":"","_jetpack_memberships_contains_paid_content":false,"footnotes":""},"categories":[456,109,48],"tags":[1353],"class_list":["post-61752","post","type-post","status-publish","format-standard","has-post-thumbnail","hentry","category-columna","category-minuto-a-minuto","category-zona-critica","tag-opinion-zona-critica"],"jetpack_featured_media_url":"https:\/\/zonaroja.com.mx\/wp-content\/uploads\/2022\/05\/Opinion-Ismael-Garcia-M.jpg","jetpack_sharing_enabled":true,"_links":{"self":[{"href":"https:\/\/zonaroja.com.mx\/index.php?rest_route=\/wp\/v2\/posts\/61752","targetHints":{"allow":["GET"]}}],"collection":[{"href":"https:\/\/zonaroja.com.mx\/index.php?rest_route=\/wp\/v2\/posts"}],"about":[{"href":"https:\/\/zonaroja.com.mx\/index.php?rest_route=\/wp\/v2\/types\/post"}],"author":[{"embeddable":true,"href":"https:\/\/zonaroja.com.mx\/index.php?rest_route=\/wp\/v2\/users\/2"}],"replies":[{"embeddable":true,"href":"https:\/\/zonaroja.com.mx\/index.php?rest_route=%2Fwp%2Fv2%2Fcomments&post=61752"}],"version-history":[{"count":1,"href":"https:\/\/zonaroja.com.mx\/index.php?rest_route=\/wp\/v2\/posts\/61752\/revisions"}],"predecessor-version":[{"id":61753,"href":"https:\/\/zonaroja.com.mx\/index.php?rest_route=\/wp\/v2\/posts\/61752\/revisions\/61753"}],"wp:featuredmedia":[{"embeddable":true,"href":"https:\/\/zonaroja.com.mx\/index.php?rest_route=\/wp\/v2\/media\/41735"}],"wp:attachment":[{"href":"https:\/\/zonaroja.com.mx\/index.php?rest_route=%2Fwp%2Fv2%2Fmedia&parent=61752"}],"wp:term":[{"taxonomy":"category","embeddable":true,"href":"https:\/\/zonaroja.com.mx\/index.php?rest_route=%2Fwp%2Fv2%2Fcategories&post=61752"},{"taxonomy":"post_tag","embeddable":true,"href":"https:\/\/zonaroja.com.mx\/index.php?rest_route=%2Fwp%2Fv2%2Ftags&post=61752"}],"curies":[{"name":"wp","href":"https:\/\/api.w.org\/{rel}","templated":true}]}}