{"id":61754,"date":"2023-11-06T07:39:28","date_gmt":"2023-11-06T13:39:28","guid":{"rendered":"http:\/\/www.zonaroja.com.mx\/?p=61754"},"modified":"2023-11-06T07:39:30","modified_gmt":"2023-11-06T13:39:30","slug":"hallan-cuerpo-de-ejecutado-y-restos-de-otro-individuo-en-valles-centrales","status":"publish","type":"post","link":"https:\/\/zonaroja.com.mx\/?p=61754","title":{"rendered":"Hallan cuerpo de ejecutado y restos de otro individuo, en Valles Centrales"},"content":{"rendered":"\n<p>Redacci\u00f3n\/Zona Roja.<\/p>\n\n\n\n<p>Oaxaca de Ju\u00e1rez, Oax., a 6 de noviembre de 2023.- El cuerpo de una persona del sexo masculino, con signos de ejecuci\u00f3n, fue localizado la noche del s\u00e1bado en inmediaciones de San Mateo Macuilx\u00f3chitl, agencia de San Jer\u00f3nimo Tlacochahuaya, regi\u00f3n Valles Centrales.<\/p>\n\n\n\n<p>De acuerdo con reportes policiacos, fue a la altura del kil\u00f3metro 23 de la carretera Oaxaca-Istmo, en un camino de terracer\u00eda, en que se localiz\u00f3 al individuo, amordazado y maniatado con cinta canela, adem\u00e1s de disparos de arma de fuego y envuelto en una bolsa negra.<\/p>\n\n\n\n<p>La v\u00edctima a\u00fan no ha sido identificada y personal de la Fiscal\u00eda General del Estado de Oaxaca inici\u00f3 la carpeta de investigaci\u00f3n correspondiente.<\/p>\n\n\n\n<p>En tanto que el viernes, en jurisdicci\u00f3n de San Pablo, Etla, fueron hallados restos humanos, en inmediaciones del paraje \u201cEl Horno\u201d.<\/p>\n\n\n\n<p>Se trata de una pierna y un cr\u00e1neo, que fueron levantados posteriormente por personal de la Fiscal\u00eda General, para ser trasladados al Instituto de Servicios Periciales, a fin de realizar las pruebas correspondientes para identificar a la v\u00edctima.<\/p>\n","protected":false},"excerpt":{"rendered":"<p>Redacci\u00f3n\/Zona Roja. Oaxaca de Ju\u00e1rez, Oax., a 6 de noviembre de 2023.- El cuerpo de&hellip;<\/p>\n","protected":false},"author":2,"featured_media":61755,"comment_status":"closed","ping_status":"open","sticky":false,"template":"","format":"standard","meta":{"_lmt_disableupdate":"","_lmt_disable":"","_jetpack_memberships_contains_paid_content":false,"footnotes":""},"categories":[109,51],"tags":[1617],"class_list":["post-61754","post","type-post","status-publish","format-standard","has-post-thumbnail","hentry","category-minuto-a-minuto","category-zona-roja","tag-san-mateo-macuilxochitl"],"jetpack_featured_media_url":"https:\/\/zonaroja.com.mx\/wp-content\/uploads\/2023\/11\/Ejecutado-Macuilxochitl-.png","jetpack_sharing_enabled":true,"_links":{"self":[{"href":"https:\/\/zonaroja.com.mx\/index.php?rest_route=\/wp\/v2\/posts\/61754","targetHints":{"allow":["GET"]}}],"collection":[{"href":"https:\/\/zonaroja.com.mx\/index.php?rest_route=\/wp\/v2\/posts"}],"about":[{"href":"https:\/\/zonaroja.com.mx\/index.php?rest_route=\/wp\/v2\/types\/post"}],"author":[{"embeddable":true,"href":"https:\/\/zonaroja.com.mx\/index.php?rest_route=\/wp\/v2\/users\/2"}],"replies":[{"embeddable":true,"href":"https:\/\/zonaroja.com.mx\/index.php?rest_route=%2Fwp%2Fv2%2Fcomments&post=61754"}],"version-history":[{"count":1,"href":"https:\/\/zonaroja.com.mx\/index.php?rest_route=\/wp\/v2\/posts\/61754\/revisions"}],"predecessor-version":[{"id":61756,"href":"https:\/\/zonaroja.com.mx\/index.php?rest_route=\/wp\/v2\/posts\/61754\/revisions\/61756"}],"wp:featuredmedia":[{"embeddable":true,"href":"https:\/\/zonaroja.com.mx\/index.php?rest_route=\/wp\/v2\/media\/61755"}],"wp:attachment":[{"href":"https:\/\/zonaroja.com.mx\/index.php?rest_route=%2Fwp%2Fv2%2Fmedia&parent=61754"}],"wp:term":[{"taxonomy":"category","embeddable":true,"href":"https:\/\/zonaroja.com.mx\/index.php?rest_route=%2Fwp%2Fv2%2Fcategories&post=61754"},{"taxonomy":"post_tag","embeddable":true,"href":"https:\/\/zonaroja.com.mx\/index.php?rest_route=%2Fwp%2Fv2%2Ftags&post=61754"}],"curies":[{"name":"wp","href":"https:\/\/api.w.org\/{rel}","templated":true}]}}