{"id":61757,"date":"2023-11-06T08:30:00","date_gmt":"2023-11-06T14:30:00","guid":{"rendered":"http:\/\/www.zonaroja.com.mx\/?p=61757"},"modified":"2023-11-06T07:51:27","modified_gmt":"2023-11-06T13:51:27","slug":"encabeza-miriam-vazquez-marcha-de-10-mil-petistas-del-poder-territorial","status":"publish","type":"post","link":"https:\/\/zonaroja.com.mx\/?p=61757","title":{"rendered":"Encabeza Miriam V\u00e1zquez marcha de 10 mil petistas del Poder Territorial\u00a0"},"content":{"rendered":"\n<p>Redacci\u00f3n\/Zona Roja.<\/p>\n\n\n\n<p>Oaxaca de Ju\u00e1rez, Oax., a 6 de noviembre de 2023.- Miriam V\u00e1zquez Ru\u00edz, diputada local e integrante de la dirigencia del Poder Territorial del Partido del Trabajo en Oaxaca, encabez\u00f3 la movilizaci\u00f3n de m\u00e1s de 10 mil militantes y simpatizantes, en el marco de la conformaci\u00f3n de 200 Comit\u00e9s de Defensa de la Cuarta Transformaci\u00f3n rumbo al 2024, tal como se lo ha encomendado la dirigente nacional Claudia Sheinbaum Pardo.<\/p>\n\n\n\n<p>Las y los simpatizantes marcharon este domingo del exterior del Gimnasio Universitario de la UABJO, en Ciudad Universitaria, para trasladarse al llamado \u201cTerrenazo Caliente\u201d, en inmediaciones de la avenida S\u00edmbolos Patrios, en donde respaldaron las decisiones de su dirigencia.<\/p>\n\n\n\n<p>Durante su mensaje, la diputada petista resalt\u00f3:&nbsp;\u201cNo nos equivocamos en acompa\u00f1ar desde el principio a la doctora Claudia Sheinbaum, hoy el tiempo nos da la raz\u00f3n porque son tiempos de las mujeres y estamos listos para el 2024\u201d.<\/p>\n\n\n\n<p>La dirigente del Poder Territorial fue contundente al manifestar que en M\u00e9xico es tiempo de contar con una mujer que continue con la transformaci\u00f3n del pa\u00eds &nbsp;y que sin duda, se tiene a una de los mejores perfiles, por lo que convoc\u00f3 a la unidad y al trabajo en conjunto para respaldar ese proyecto.<\/p>\n","protected":false},"excerpt":{"rendered":"<p>Redacci\u00f3n\/Zona Roja. Oaxaca de Ju\u00e1rez, Oax., a 6 de noviembre de 2023.- Miriam V\u00e1zquez Ru\u00edz,&hellip;<\/p>\n","protected":false},"author":2,"featured_media":61751,"comment_status":"closed","ping_status":"open","sticky":false,"template":"","format":"standard","meta":{"_lmt_disableupdate":"","_lmt_disable":"","_jetpack_memberships_contains_paid_content":false,"footnotes":""},"categories":[109,46],"tags":[3722],"class_list":["post-61757","post","type-post","status-publish","format-standard","has-post-thumbnail","hentry","category-minuto-a-minuto","category-zona-blanca","tag-miriam-de-los-angeles-vasquez-ruiz"],"jetpack_featured_media_url":"https:\/\/zonaroja.com.mx\/wp-content\/uploads\/2023\/11\/Marcha-y-toma-de-protesta-comites-PT-Miriam-de-los-Angeles.jpg","jetpack_sharing_enabled":true,"_links":{"self":[{"href":"https:\/\/zonaroja.com.mx\/index.php?rest_route=\/wp\/v2\/posts\/61757","targetHints":{"allow":["GET"]}}],"collection":[{"href":"https:\/\/zonaroja.com.mx\/index.php?rest_route=\/wp\/v2\/posts"}],"about":[{"href":"https:\/\/zonaroja.com.mx\/index.php?rest_route=\/wp\/v2\/types\/post"}],"author":[{"embeddable":true,"href":"https:\/\/zonaroja.com.mx\/index.php?rest_route=\/wp\/v2\/users\/2"}],"replies":[{"embeddable":true,"href":"https:\/\/zonaroja.com.mx\/index.php?rest_route=%2Fwp%2Fv2%2Fcomments&post=61757"}],"version-history":[{"count":1,"href":"https:\/\/zonaroja.com.mx\/index.php?rest_route=\/wp\/v2\/posts\/61757\/revisions"}],"predecessor-version":[{"id":61758,"href":"https:\/\/zonaroja.com.mx\/index.php?rest_route=\/wp\/v2\/posts\/61757\/revisions\/61758"}],"wp:featuredmedia":[{"embeddable":true,"href":"https:\/\/zonaroja.com.mx\/index.php?rest_route=\/wp\/v2\/media\/61751"}],"wp:attachment":[{"href":"https:\/\/zonaroja.com.mx\/index.php?rest_route=%2Fwp%2Fv2%2Fmedia&parent=61757"}],"wp:term":[{"taxonomy":"category","embeddable":true,"href":"https:\/\/zonaroja.com.mx\/index.php?rest_route=%2Fwp%2Fv2%2Fcategories&post=61757"},{"taxonomy":"post_tag","embeddable":true,"href":"https:\/\/zonaroja.com.mx\/index.php?rest_route=%2Fwp%2Fv2%2Ftags&post=61757"}],"curies":[{"name":"wp","href":"https:\/\/api.w.org\/{rel}","templated":true}]}}