{"id":61761,"date":"2023-11-06T11:30:00","date_gmt":"2023-11-06T17:30:00","guid":{"rendered":"http:\/\/www.zonaroja.com.mx\/?p=61761"},"modified":"2023-11-06T08:02:38","modified_gmt":"2023-11-06T14:02:38","slug":"la-cueva-de-las-manitas-testimonia-el-origen-de-la-agricultura-en-mesoamerica","status":"publish","type":"post","link":"https:\/\/zonaroja.com.mx\/?p=61761","title":{"rendered":"La Cueva de las Manitas testimonia el origen de la agricultura en Mesoam\u00e9rica"},"content":{"rendered":"\n<p>Redacci\u00f3n\/Zona Roja Cdmx.<\/p>\n\n\n\n<p>Ciudad de M\u00e9xico, a 6 de noviembre de 2023.- Para llegar a la Cueva de la Manitas, un abrigo rocoso enclavado en las estribaciones de la Sierra Madre del Sur, en la regi\u00f3n de La Ca\u00f1ada, Oaxaca, hay que andar un largo trecho bajo un sol abrasante y, si es necesario, caerse de bruces para completar la experiencia y hacer que valga el esfuerzo de penetrar en ese santuario milenario, imponente, que alberga arte rupestre de hace 4,600 a\u00f1os y donde recientemente especialistas han encontrado evidencias de domesticaci\u00f3n de plantas que abrieron el camino hacia la sedentarizaci\u00f3n de los grupos de cazadores recolectores hace varios milenios.<\/p>\n\n\n\n<p>\u201cEl Economista\u201d se interna por el escarpado terreno, de la mano de arque\u00f3logos y especialistas del Instituto Nacional de Antropolog\u00eda Historia (INAH), de la Universidad Nacional Aut\u00f3noma de M\u00e9xico (UNAM), de la Universidad de Florencia (Italia), de la Fundaci\u00f3n para la Reserva de la Biosfera Cuicatl\u00e1n y de los generosos pobladores de la comunidad de Santiago Dominguillo, guardianes del imponente sitio que alberga las milenarias pinturas rupestres.<\/p>\n\n\n\n<p>La arque\u00f3loga Nelly Robles Garc\u00eda, investigadora del INAH y directora del proyecto, nos invita a atestiguar la conclusi\u00f3n de la segunda temporada de excavaci\u00f3n e investigaci\u00f3n en la cueva, que realizan en dos frentes: el trabajo propiamente arqueol\u00f3gico que encabeza ella misma, con un equipo integrado por Miguel \u00c1ngel Galv\u00e1n Ben\u00edtez, Guadalupe Dami\u00e1n L\u00f3pez, Francisco Grijalba \u00c1lvarez, Kevin Soriano y Lev\u00ed V\u00e1zquez, y las labores de estudio y conservaci\u00f3n del arte rupestre, apoyadas en el expertise de la maestra Lilia Rivero Weber, conservadora de bienes culturales e investigadora de la UNAM y del qu\u00edmico Rodorico Giorgi, investigador de la Universidad de Florencia, quien ha quedado maravillado por lo imponente de la gruta. \u201cEntrar en esta cueva me deja sin palabras, es impresionante ver todas estas manos sobre un cielo, adem\u00e1s en muy buen estado de conservaci\u00f3n\u201d, dice.<\/p>\n\n\n\n<p>La Cueva de las Manitas es una de las razones por las que la UNESCO reconoci\u00f3 el valor universal excepcional del Valle de Tehuac\u00e1n\u2013Cuicatl\u00e1n y lo declar\u00f3 Bien Mixto Patrimonio de la Humanidad en 2018, \u00abh\u00e1bitat originario de Mesoam\u00e9rica\u00bb, se\u00f1ala la doctora Nelly Robles al entrar a la gruta.<\/p>\n\n\n\n<p>\u201cRecientemente hemos estado haciendo trabajos arqueol\u00f3gicos con el objetivo de investigar las diferentes ocupaciones humanas que ha tenido esta cueva, que es muy conocida por la cantidad de arte rupestre que tiene en sus muros, lo que la hace \u00fanica en el sur de M\u00e9xico, por lo menos, donde los primeros pobladores plasmaron representaciones de los or\u00edgenes de sus culturas\u201d, agrega.<\/p>\n\n\n\n<p>Lo primero que impresiona al llegar son sus dimensiones: \u201cla boca del recinto tiene 37 metros de largo y 18 metros de profundidad\u201d, precisa la arque\u00f3loga. \u201cEs una sola formaci\u00f3n rocosa, una cueva muy antigua, de millones de a\u00f1os, que fue utilizada primero por grupos de cazadores recolectores, que hicieron mucha experimentaci\u00f3n con los or\u00edgenes de la agricultura y, en concreto, con la domesticaci\u00f3n del ma\u00edz, de acuerdo con las evidencias que tenemos, que datan de 4,600 a\u00f1os\u201d.<\/p>\n\n\n\n<p>\u201cTenemos la suerte de que el piso de la cueva es muy seco y los elementos org\u00e1nicos se conservaron muy bien, por eso tenemos la oportunidad de analizar absolutamente todo. Hemos encontrado semillas de chile, calabaza, frijol, tomate y otras especies que todav\u00eda no sabemos; mazorcas muy peque\u00f1as de ma\u00edz y otras de hasta 11 cent\u00edmetros; maguey masticado y escupido. Hemos encontrado muchos restos de comida, fogones, pero tambi\u00e9n elementos asociados a rituales y a la danza\u201d, detalla Nelly Robles.<\/p>\n\n\n\n<p>(Informaci\u00f3n de \u201cEl Economista\u201d)<\/p>\n","protected":false},"excerpt":{"rendered":"<p>Redacci\u00f3n\/Zona Roja Cdmx. Ciudad de M\u00e9xico, a 6 de noviembre de 2023.- Para llegar a&hellip;<\/p>\n","protected":false},"author":2,"featured_media":61694,"comment_status":"closed","ping_status":"open","sticky":false,"template":"","format":"standard","meta":{"_lmt_disableupdate":"","_lmt_disable":"","_jetpack_memberships_contains_paid_content":false,"footnotes":""},"categories":[109,46],"tags":[],"class_list":["post-61761","post","type-post","status-publish","format-standard","has-post-thumbnail","hentry","category-minuto-a-minuto","category-zona-blanca"],"jetpack_featured_media_url":"https:\/\/zonaroja.com.mx\/wp-content\/uploads\/2023\/11\/Cueva-de-las-manitas-reserva-Cuicatlan.jpg.webp","jetpack_sharing_enabled":true,"_links":{"self":[{"href":"https:\/\/zonaroja.com.mx\/index.php?rest_route=\/wp\/v2\/posts\/61761","targetHints":{"allow":["GET"]}}],"collection":[{"href":"https:\/\/zonaroja.com.mx\/index.php?rest_route=\/wp\/v2\/posts"}],"about":[{"href":"https:\/\/zonaroja.com.mx\/index.php?rest_route=\/wp\/v2\/types\/post"}],"author":[{"embeddable":true,"href":"https:\/\/zonaroja.com.mx\/index.php?rest_route=\/wp\/v2\/users\/2"}],"replies":[{"embeddable":true,"href":"https:\/\/zonaroja.com.mx\/index.php?rest_route=%2Fwp%2Fv2%2Fcomments&post=61761"}],"version-history":[{"count":1,"href":"https:\/\/zonaroja.com.mx\/index.php?rest_route=\/wp\/v2\/posts\/61761\/revisions"}],"predecessor-version":[{"id":61762,"href":"https:\/\/zonaroja.com.mx\/index.php?rest_route=\/wp\/v2\/posts\/61761\/revisions\/61762"}],"wp:featuredmedia":[{"embeddable":true,"href":"https:\/\/zonaroja.com.mx\/index.php?rest_route=\/wp\/v2\/media\/61694"}],"wp:attachment":[{"href":"https:\/\/zonaroja.com.mx\/index.php?rest_route=%2Fwp%2Fv2%2Fmedia&parent=61761"}],"wp:term":[{"taxonomy":"category","embeddable":true,"href":"https:\/\/zonaroja.com.mx\/index.php?rest_route=%2Fwp%2Fv2%2Fcategories&post=61761"},{"taxonomy":"post_tag","embeddable":true,"href":"https:\/\/zonaroja.com.mx\/index.php?rest_route=%2Fwp%2Fv2%2Ftags&post=61761"}],"curies":[{"name":"wp","href":"https:\/\/api.w.org\/{rel}","templated":true}]}}