{"id":61765,"date":"2023-11-06T13:12:50","date_gmt":"2023-11-06T19:12:50","guid":{"rendered":"http:\/\/www.zonaroja.com.mx\/?p=61765"},"modified":"2023-11-06T13:12:51","modified_gmt":"2023-11-06T19:12:51","slug":"y-cuatro-sexenios-despues-aun-no-se-inaugura-supercarretera-a-la-costa","status":"publish","type":"post","link":"https:\/\/zonaroja.com.mx\/?p=61765","title":{"rendered":"Y cuatro sexenios despu\u00e9s, a\u00fan no se inaugura supercarretera a la Costa"},"content":{"rendered":"\n<p>Yuridiana Sosa\/Zona Roja.<\/p>\n\n\n\n<p>Oaxaca de Ju\u00e1rez, Oax., a 6 de noviembre de 2023.- Cuatro sexenios despu\u00e9s, a\u00fan no se puede inaugurar la supercarretera Oaxaca-Costa, pese a la promesa del Presidente Andr\u00e9s Manuel L\u00f3pez Obrador. <\/p>\n\n\n\n<p>En su conferencia de esta ma\u00f1ana, el mandatario&nbsp;anunci\u00f3 que la apertura de la v\u00eda r\u00e1pida programada parael 29 de noviembre, se pospone hasta enero de 2024.<\/p>\n\n\n\n<p>Los trabajos los inici\u00f3 el mandatario priista Ulises Ruiz Ortiz y continuaron en los sexenios de Gabino Cu\u00e9, Alejandro Murat y ahora Salom\u00f3n Jara Cruz.&nbsp;<\/p>\n\n\n\n<p>Pero fue L\u00f3pez Obrador quien al iniciar su mandato prometi\u00f3 que ser\u00eda concluida durante su mandato, lo que ya hab\u00eda ofrecido en el sexenio anterior.&nbsp;<\/p>\n\n\n\n<p>Este lunes, el Presidente se\u00f1al\u00f3 que el atraso se debe a dos fuertes derrumbes de taludes que se registraron en el tramo de Barranca Larga-Ventanilla.<br \/>De acuerdo a la informaci\u00f3n ofrecida en la conferencia, acompa\u00f1ada de videos de las zonas afectadas, los puntos da\u00f1ados y que ser\u00e1n nuevamente intervenidos se ubican en el kil\u00f3metro 150+700, donde se plantea generar balcones\/terrazas para reducir la altura del corte, adem\u00e1s se realizar\u00e1 limpieza de ca\u00eddos, y en la \u00faltima parte del corte se plantea la construcci\u00f3n de un viaducto derivado a la complejidad en la estabilidad de la zona &nbsp;y otro en 146+600.<br \/>\u00abMe dieron una mala noticia, se nos derrumb\u00f3 una parte de la carretera, unos taludes en la carretera Oaxaca-Puerto Escondido que \u00edbamos a inaugurarel 29 de noviembre!, confirm\u00f3 el mandatario en la \u00abma\u00f1anera\u00bb.<br \/>Ante este evento debido a las lluvias, L\u00f3pez Obrador puntualiz\u00f3 que los trabajos de reparaci\u00f3n retrasan la obra dos meses aproximadamente, por lo que la inauguraci\u00f3n se reprograma para enero de 2024.<br \/>Reconoci\u00f3 la complejidad de la obra en esa carretera, en la cual s\u00f3lo hac\u00eda falta el tendido del puente. \u00abYa estaba, pero la naturaleza&#8230;pero ya estamos trabajando y en dos o tres meses, en enero inauguramos\u00bb, agreg\u00f3.<br \/>Apenas el pasado mes de octubre, el secretario de Infraestructura, Comunicaciones y Transportes (SICT), Jorge Nu\u00f1o Lara, supervis\u00f3 las obras de la autopista Barranca Larga-Ventanilla.<br \/>La supercarretera que une a la capital con Puerto Escondido, consta de 10 puentes, tres t\u00faneles, dos viaductos, 15 entronques, dos plazas de cobro, 114 cruces y cinco rampas de frenado; adem\u00e1s, implic\u00f3 una inversi\u00f3n de 10 mil 670 millones de pesos.<br \/>Previamente, la obra y posible inauguraci\u00f3n ha contado con otros contratiempos, entre ellos bloqueos y a\u00f1ejas negociaciones, como ocurri\u00f3 con la poblaci\u00f3n de San Vicente Coatl\u00e1n, de la que apenas en junio pasado las autoridades agrarias, municipales y habitantes dieron el s\u00ed para la continuaci\u00f3n de los trabajos en el tramo Barranca Larga-Ventanilla.<\/p>\n\n\n\n<p>Sin embargo, y pese a que la obra se encontraba detenida por esa situaci\u00f3n, el presidente L\u00f3pez Obrador hab\u00eda contemplado la inauguraci\u00f3n para el mes de agosto. <\/p>\n\n\n\n<figure class=\"wp-block-embed\"><div class=\"wp-block-embed__wrapper\">\n<div class=\"twitter-tweet\"><blockquote class=\"twitter-tweet\" data-lang=\"es\"><p lang=\"es\" dir=\"ltr\"><a href=\"https:\/\/twitter.com\/hashtag\/%C3%9AltimoMinuto?src=hash&amp;ref_src=twsrc%5Etfw\">#\u00daltimoMinuto<\/a><br>\u00a1Que siempre no! <br>Que no se inaugurar\u00e1 este a\u00f1o la <a href=\"https:\/\/twitter.com\/hashtag\/supercarretera?src=hash&amp;ref_src=twsrc%5Etfw\">#supercarretera<\/a> <a href=\"https:\/\/twitter.com\/hashtag\/Oaxaca?src=hash&amp;ref_src=twsrc%5Etfw\">#Oaxaca<\/a>-Costa, tramo Barranca Larga-Ventanilla. <br>\u00bfEl argumento de hoy? Seg\u00fan el Presidente <a href=\"https:\/\/twitter.com\/lopezobrador_?ref_src=twsrc%5Etfw\">@lopezobrador_<\/a> hubo un fuerte derrumbe, que retrasa los trabajos. <br>Quiz\u00e1 se pueda abrir, ahora s\u00ed, en enero\u2026 <a href=\"https:\/\/t.co\/PT1GzWaLAh\">pic.twitter.com\/PT1GzWaLAh<\/a><\/p>&mdash; Zona Roja Oaxaca (@ZonaRoja_Oaxaca) <a href=\"https:\/\/twitter.com\/ZonaRoja_Oaxaca\/status\/1721568032605048986?ref_src=twsrc%5Etfw\">6 de noviembre de 2023<\/a><\/blockquote><\/div>\n<\/div><\/figure>\n","protected":false},"excerpt":{"rendered":"<p>Yuridiana Sosa\/Zona Roja. Oaxaca de Ju\u00e1rez, Oax., a 6 de noviembre de 2023.- Cuatro sexenios&hellip;<\/p>\n","protected":false},"author":2,"featured_media":61764,"comment_status":"closed","ping_status":"open","sticky":false,"template":"","format":"standard","meta":{"_lmt_disableupdate":"","_lmt_disable":"","_jetpack_memberships_contains_paid_content":false,"footnotes":""},"categories":[109,47],"tags":[],"class_list":["post-61765","post","type-post","status-publish","format-standard","has-post-thumbnail","hentry","category-minuto-a-minuto","category-zona-gris"],"jetpack_featured_media_url":"https:\/\/zonaroja.com.mx\/wp-content\/uploads\/2023\/11\/img_3452-1.jpg","jetpack_sharing_enabled":true,"_links":{"self":[{"href":"https:\/\/zonaroja.com.mx\/index.php?rest_route=\/wp\/v2\/posts\/61765","targetHints":{"allow":["GET"]}}],"collection":[{"href":"https:\/\/zonaroja.com.mx\/index.php?rest_route=\/wp\/v2\/posts"}],"about":[{"href":"https:\/\/zonaroja.com.mx\/index.php?rest_route=\/wp\/v2\/types\/post"}],"author":[{"embeddable":true,"href":"https:\/\/zonaroja.com.mx\/index.php?rest_route=\/wp\/v2\/users\/2"}],"replies":[{"embeddable":true,"href":"https:\/\/zonaroja.com.mx\/index.php?rest_route=%2Fwp%2Fv2%2Fcomments&post=61765"}],"version-history":[{"count":1,"href":"https:\/\/zonaroja.com.mx\/index.php?rest_route=\/wp\/v2\/posts\/61765\/revisions"}],"predecessor-version":[{"id":61766,"href":"https:\/\/zonaroja.com.mx\/index.php?rest_route=\/wp\/v2\/posts\/61765\/revisions\/61766"}],"wp:featuredmedia":[{"embeddable":true,"href":"https:\/\/zonaroja.com.mx\/index.php?rest_route=\/wp\/v2\/media\/61764"}],"wp:attachment":[{"href":"https:\/\/zonaroja.com.mx\/index.php?rest_route=%2Fwp%2Fv2%2Fmedia&parent=61765"}],"wp:term":[{"taxonomy":"category","embeddable":true,"href":"https:\/\/zonaroja.com.mx\/index.php?rest_route=%2Fwp%2Fv2%2Fcategories&post=61765"},{"taxonomy":"post_tag","embeddable":true,"href":"https:\/\/zonaroja.com.mx\/index.php?rest_route=%2Fwp%2Fv2%2Ftags&post=61765"}],"curies":[{"name":"wp","href":"https:\/\/api.w.org\/{rel}","templated":true}]}}