{"id":61769,"date":"2023-11-06T18:10:00","date_gmt":"2023-11-07T00:10:00","guid":{"rendered":"http:\/\/www.zonaroja.com.mx\/?p=61769"},"modified":"2023-11-06T18:10:02","modified_gmt":"2023-11-07T00:10:02","slug":"se-reactiva-crisis-de-migrantes-en-oaxaca-y-convierten-parque-en-refugio","status":"publish","type":"post","link":"https:\/\/zonaroja.com.mx\/?p=61769","title":{"rendered":"Se reactiva crisis de migrantes en Oaxaca y convierten parque en refugio"},"content":{"rendered":"\n<p>Yuridiana Sosa\/Zona Roja.&nbsp;<\/p>\n\n\n\n<p>Oaxaca de Ju\u00e1rez, Oax., a 6 de noviembre de 2023.- Las calles y parques de la capital oaxaque\u00f1a se han convertido en albergues improvisados&nbsp; de migrantes, ante la falta de instalaciones oficiales, como ocurre nuevamente con el campamento instalado en jard\u00edn Morelos y parques anexos, en zona centro de la ciudad.<\/p>\n\n\n\n<p>Sobre la avenida Independencia, a pocos metros del palacio municipal de Oaxaca de Ju\u00e1rez, decenas de migrantes, e incluso familias completas con menores de edad, permanecen en la espera de que las autoridades brinden las condiciones necesarias para su tr\u00e1nsito por la entidad.<\/p>\n\n\n\n<p>Varias tiendas de campa\u00f1a est\u00e1n tambi\u00e9n instaladas en una cuchilla en las calles calzada Madero y H\u00fazares, donde adem\u00e1s hay montones de basura.<\/p>\n\n\n\n<p>Adem\u00e1s, el campamento sobre el camell\u00f3n del Perif\u00e9rico, en inmediaciones de la Central de Abasto, contin\u00fao este fin de semana, a pesar que vecinos de diversas colonias aleda\u00f1as de esa zona se han manifestado por la presencia de los centroamericanos de forma desordenada, invasiva y causando diversas afectaciones a la propiedad privada, el libre tr\u00e1nsito y la seguridad.<\/p>\n\n\n\n<p>SIN ALBERGUE<\/p>\n\n\n\n<p>La situaci\u00f3n sobre el alojamiento de migrantes empeor\u00f3 a inicios de este mes tras el cierre el 28 de octubre, por parte de la Secretar\u00eda de Gobierno, del albergue al aire libre ubicado en el municipio conurbado de San Sebasti\u00e1n Tutla durante un mes.\u00a0<\/p>\n\n\n\n<figure class=\"wp-block-embed\"><div class=\"wp-block-embed__wrapper\">\nhttps:\/\/x.com\/ZonaRoja_Oaxaca\/status\/1721621881994825920?s=20\n<\/div><\/figure>\n\n\n\n<p>Ante dicho cierre, el secretario de Gobierno de Oaxaca, Jes\u00fas Romero, se\u00f1al\u00f3 que el gobierno estatal volver\u00eda a habilitar otro espacio, del cual a\u00fan no existe confirmaci\u00f3n del lugar que albergar\u00e1 a quienes van en busca del \u00abSue\u00f1o Americano\u00bb.&nbsp;<\/p>\n\n\n\n<p>Pues el campamento pasado, instalado en un predio de la organizaci\u00f3n Confederaci\u00f3n Joven, en la avenida Camino Nacional, de Tutla, caus\u00f3 la molestia de los ciudadanos de ese municipio por la presunta inseguridad que se gener\u00f3; montones de basura y obstrucciones al paso.&nbsp;<\/p>\n\n\n\n<p>De acuerdo con el secretario, en dicha sede fueron recibidos \u2014hasta mediados de octubre\u2014 26 mil 932 migrantes, mientras que del 25 de septiembre al 15 de octubre, se contabilizaron 43 mil personas migrantes concentradas en Juchit\u00e1n de Zaragoza.<\/p>\n\n\n\n<p>Respecto a la problem\u00e1tica en la capital, las autoridades municipales a cargo de Francisco Mart\u00ednez Neri tampoco tampoco han contribuido a mejorar las condiciones para los visitantes, ni para sus propios ciudadanos afectados por la estancia de los migrantes en los espacios p\u00fablicos.&nbsp;<\/p>\n\n\n\n<p>El edil se ha limitado a indicar que es una problem\u00e1tica que rebasa las facultades y capacidades de la administraci\u00f3n municipal, de lo cual tambi\u00e9n se han quejado los oaxaque\u00f1os de la capital.&nbsp;<\/p>\n","protected":false},"excerpt":{"rendered":"<p>Yuridiana Sosa\/Zona Roja.&nbsp; Oaxaca de Ju\u00e1rez, Oax., a 6 de noviembre de 2023.- Las calles&hellip;<\/p>\n","protected":false},"author":2,"featured_media":61763,"comment_status":"closed","ping_status":"open","sticky":false,"template":"","format":"standard","meta":{"_lmt_disableupdate":"","_lmt_disable":"","_jetpack_memberships_contains_paid_content":false,"footnotes":""},"categories":[109,47],"tags":[3641,148],"class_list":["post-61769","post","type-post","status-publish","format-standard","has-post-thumbnail","hentry","category-minuto-a-minuto","category-zona-gris","tag-migrantes-en-oaxaca","tag-oaxaca-de-juarez"],"jetpack_featured_media_url":"https:\/\/zonaroja.com.mx\/wp-content\/uploads\/2023\/11\/Migrantes-jardin-Morelos-Oaxaca.jpg","jetpack_sharing_enabled":true,"_links":{"self":[{"href":"https:\/\/zonaroja.com.mx\/index.php?rest_route=\/wp\/v2\/posts\/61769","targetHints":{"allow":["GET"]}}],"collection":[{"href":"https:\/\/zonaroja.com.mx\/index.php?rest_route=\/wp\/v2\/posts"}],"about":[{"href":"https:\/\/zonaroja.com.mx\/index.php?rest_route=\/wp\/v2\/types\/post"}],"author":[{"embeddable":true,"href":"https:\/\/zonaroja.com.mx\/index.php?rest_route=\/wp\/v2\/users\/2"}],"replies":[{"embeddable":true,"href":"https:\/\/zonaroja.com.mx\/index.php?rest_route=%2Fwp%2Fv2%2Fcomments&post=61769"}],"version-history":[{"count":1,"href":"https:\/\/zonaroja.com.mx\/index.php?rest_route=\/wp\/v2\/posts\/61769\/revisions"}],"predecessor-version":[{"id":61770,"href":"https:\/\/zonaroja.com.mx\/index.php?rest_route=\/wp\/v2\/posts\/61769\/revisions\/61770"}],"wp:featuredmedia":[{"embeddable":true,"href":"https:\/\/zonaroja.com.mx\/index.php?rest_route=\/wp\/v2\/media\/61763"}],"wp:attachment":[{"href":"https:\/\/zonaroja.com.mx\/index.php?rest_route=%2Fwp%2Fv2%2Fmedia&parent=61769"}],"wp:term":[{"taxonomy":"category","embeddable":true,"href":"https:\/\/zonaroja.com.mx\/index.php?rest_route=%2Fwp%2Fv2%2Fcategories&post=61769"},{"taxonomy":"post_tag","embeddable":true,"href":"https:\/\/zonaroja.com.mx\/index.php?rest_route=%2Fwp%2Fv2%2Ftags&post=61769"}],"curies":[{"name":"wp","href":"https:\/\/api.w.org\/{rel}","templated":true}]}}