{"id":61775,"date":"2023-11-06T20:27:39","date_gmt":"2023-11-07T02:27:39","guid":{"rendered":"http:\/\/www.zonaroja.com.mx\/?p=61775"},"modified":"2023-11-06T20:27:42","modified_gmt":"2023-11-07T02:27:42","slug":"tras-cese-de-villacana-presuntos-porros-se-apoderan-de-la-sede-del-pri","status":"publish","type":"post","link":"https:\/\/zonaroja.com.mx\/?p=61775","title":{"rendered":"Tras cese de Villaca\u00f1a, presuntos \u201cporros\u201d se apoderan de la sede del PRI"},"content":{"rendered":"\n<p>Redacci\u00f3n\/Zona Roja.<\/p>\n\n\n\n<p>Oaxaca de Ju\u00e1rez, Oax., a 6 de noviembre de 2023.- A una semana de la renuncia de Javier Villaca\u00f1a Jim\u00e9nez a la dirigencia estatal del PRI, un grupo de \u201cporros\u201d se apoder\u00f3 por varias horas de la sede estatal del partido.<\/p>\n\n\n\n<p>El grupo de encapuchados y con cubreboca fue dirigido por Julio C\u00e9sar Morales, quien se asume como dirigente de j\u00f3venes priistas, pero ha militado en otros partidos y ahora en Movimiento Ciudadano.<\/p>\n\n\n\n<p>Seg\u00fan dio a conocer en entrevista colectiva, su inconformidad es por los cambios que se realizan en el comit\u00e9 directivo estatal, y que alcanzar\u00eda a la dirigencia juvenil.<\/p>\n\n\n\n<p>Adem\u00e1s, en letreros, recriminaron la supuesta intromisi\u00f3n del ex gobernador de Oaxaca, Jos\u00e9 Murat Casab.<\/p>\n\n\n\n<p>No obstante, a trav\u00e9s de diversas redes sociales se dio a conocer que la acci\u00f3n de protesta fue promovida por H\u00e9ctor Pablo Ram\u00edrez Puga, quien recientemente se afili\u00f3 a Movimiento Ciudadano y es cercano a Julio C\u00e9sar Morales, as\u00ed como por Javier Villaca\u00f1a, lo cual no han desmentido estos pol\u00edticos.<\/p>\n\n\n\n<p>En la movilizaci\u00f3n cerraron temporalmente con autobuses urbanos la avenida Oaxaca, en la agencia de Santa Rosa Panzacola de la capital, donde se encuentra la sede del PRI.<\/p>\n\n\n\n<p>Tras la llegada de otro supuesto grupo de \u201cporros\u201d, los manifestantes se retiraron.<\/p>\n\n\n\n<p>El pasado 29 de octubre, Javier Villaca\u00f1a renunci\u00f3 al PRI y de inmediato fue nombrada Mar\u00eda del Carmen Ric\u00e1rdez Vela, sin embargo, ha enfrentado diversos ataques; el anterior a \u00e9ste, al acusarla de cancelar los pagos de los trabajadores y comenzar los despidos.<\/p>\n","protected":false},"excerpt":{"rendered":"<p>Redacci\u00f3n\/Zona Roja. Oaxaca de Ju\u00e1rez, Oax., a 6 de noviembre de 2023.- A una semana&hellip;<\/p>\n","protected":false},"author":2,"featured_media":61772,"comment_status":"closed","ping_status":"open","sticky":false,"template":"","format":"standard","meta":{"_lmt_disableupdate":"","_lmt_disable":"","_jetpack_memberships_contains_paid_content":false,"footnotes":""},"categories":[109,47],"tags":[1246],"class_list":["post-61775","post","type-post","status-publish","format-standard","has-post-thumbnail","hentry","category-minuto-a-minuto","category-zona-gris","tag-partido-revolucionario-institucional-pri"],"jetpack_featured_media_url":"https:\/\/zonaroja.com.mx\/wp-content\/uploads\/2023\/11\/Jovenes-priistas-toman-sede-del-PRI.jpg","jetpack_sharing_enabled":true,"_links":{"self":[{"href":"https:\/\/zonaroja.com.mx\/index.php?rest_route=\/wp\/v2\/posts\/61775","targetHints":{"allow":["GET"]}}],"collection":[{"href":"https:\/\/zonaroja.com.mx\/index.php?rest_route=\/wp\/v2\/posts"}],"about":[{"href":"https:\/\/zonaroja.com.mx\/index.php?rest_route=\/wp\/v2\/types\/post"}],"author":[{"embeddable":true,"href":"https:\/\/zonaroja.com.mx\/index.php?rest_route=\/wp\/v2\/users\/2"}],"replies":[{"embeddable":true,"href":"https:\/\/zonaroja.com.mx\/index.php?rest_route=%2Fwp%2Fv2%2Fcomments&post=61775"}],"version-history":[{"count":1,"href":"https:\/\/zonaroja.com.mx\/index.php?rest_route=\/wp\/v2\/posts\/61775\/revisions"}],"predecessor-version":[{"id":61776,"href":"https:\/\/zonaroja.com.mx\/index.php?rest_route=\/wp\/v2\/posts\/61775\/revisions\/61776"}],"wp:featuredmedia":[{"embeddable":true,"href":"https:\/\/zonaroja.com.mx\/index.php?rest_route=\/wp\/v2\/media\/61772"}],"wp:attachment":[{"href":"https:\/\/zonaroja.com.mx\/index.php?rest_route=%2Fwp%2Fv2%2Fmedia&parent=61775"}],"wp:term":[{"taxonomy":"category","embeddable":true,"href":"https:\/\/zonaroja.com.mx\/index.php?rest_route=%2Fwp%2Fv2%2Fcategories&post=61775"},{"taxonomy":"post_tag","embeddable":true,"href":"https:\/\/zonaroja.com.mx\/index.php?rest_route=%2Fwp%2Fv2%2Ftags&post=61775"}],"curies":[{"name":"wp","href":"https:\/\/api.w.org\/{rel}","templated":true}]}}