{"id":61777,"date":"2023-11-06T20:58:24","date_gmt":"2023-11-07T02:58:24","guid":{"rendered":"http:\/\/www.zonaroja.com.mx\/?p=61777"},"modified":"2023-11-06T20:58:27","modified_gmt":"2023-11-07T02:58:27","slug":"la-despidieron-en-gobierno-por-su-embarazo-y-nadie-la-defiende","status":"publish","type":"post","link":"https:\/\/zonaroja.com.mx\/?p=61777","title":{"rendered":"La despidieron en gobierno por su embarazo y nadie la defiende"},"content":{"rendered":"\n<p>Ismael Garc\u00eda M.\/Zona Roja.<\/p>\n\n\n\n<p>Oaxaca de Ju\u00e1rez, Oax., a 6 de noviembre de 2023.- Entre l\u00e1grimas, M\u00f3nica Guadalupe Mar\u00edn Hern\u00e1ndez lament\u00f3 que ninguna instancia, entre ellas la Secretar\u00eda de las Mujeres, la defienda tras su despido injustificado de una dependencia del gobierno de Oaxaca.<\/p>\n\n\n\n<p>En conferencia de prensa en el exterior del Palacio de Gobierno, detall\u00f3 que fue activista de Morena en la pasada contienda electoral y tras ello fue designada en el inicio del actual sexenio como directora de Planeaci\u00f3n y Vinculaci\u00f3n del Consejo Oaxaque\u00f1o de Ciencia, Tecnolog\u00eda e Innovaci\u00f3n (Cocitei).<\/p>\n\n\n\n<p>\u201cHice campa\u00f1a con el gobernador actual, el ingeniero Salom\u00f3n Jara Cruz y mi nombramiento se dio con fecha 15 de enero de este a\u00f1o, entre embarazada\u201d, detall\u00f3.<\/p>\n\n\n\n<p>Con fecha 10 de marzo inici\u00f3 su licencia de maternidad y su hija naci\u00f3 el 12 de abril; no obstante, en esa fecha le retuvieron el sueldo, para presionarla a que renunciara a su cargo.<\/p>\n\n\n\n<p>\u201cCuando regres\u00e9 de mi incapacidad por maternidad, el mismo d\u00eda me presionaron para que yo renunciara; tengo audios donde me presionan, que va a haber giras y yo no voy a poder viajar por mi hija, me dicen que tengo que renunciar porque hay cambio de estructura\u201d.<\/p>\n\n\n\n<p>\u201cDespu\u00e9s de presionarme tres veces en una sala en la que no me dejaron ingresar a mi oficina, me dijeron que nunca supieron en d\u00f3nde estaba mi oficina y me rescindieron laboralmente despu\u00e9s que no quise firmar mi renuncia, que me dejaron en la mesa\u201d.<\/p>\n\n\n\n<p>Lament\u00f3 que en el actual gobierno no se respeten los derechos de las mujeres; \u201ces uno de los mandatos del Presidente de la Rep\u00fablica, dicen que hay paridad, dicen que ya no hay violencia de g\u00e9nero pero sigue habiendo\u201d, detall\u00f3 Mar\u00edn Hern\u00e1ndez.<\/p>\n\n\n\n<p>Detall\u00f3 que la titular del organismo, Xunaxhi Fernanda Mau G\u00f3mez toda su familia es priista que sigue gozando de los privilegios; dijo que la directora acaba de tener a su beb\u00e9 y no est\u00e1 pensando si le retienen el salario y si cuando regrese de su maternidad seguir\u00e1 teniendo trabajo.<\/p>\n\n\n\n<p>\u201cElla s\u00ed puede gozar de este derecho mientras que yo estoy desempleada desde el 2 de junio de este a\u00f1o\u201d, a\u00f1adi\u00f3.<\/p>\n\n\n\n<p>Expuso que ha acudido a diversas instancias, entre ellas la Secretar\u00eda de las Mujeres, el Instituto Estatal Electoral&nbsp;<\/p>\n\n\n\n<p>\u201cComo mam\u00e1 exijo mi reinstalaci\u00f3n inmediata, este es un llamado tambi\u00e9n para que me den cita con el gobernador, porque Secretar\u00eda de Gobernaci\u00f3n se acerc\u00f3 pero no llegaron las instituciones que se supone tienen que dar acompa\u00f1amiento; todos dicen que no es de su competencia; todos se est\u00e1n haciendo a un lado y nadie ha volteado a verme\u201d, suplic\u00f3.<\/p>\n\n\n\n<figure class=\"wp-block-embed\"><div class=\"wp-block-embed__wrapper\">\nhttps:\/\/x.com\/ZonaRoja_Oaxaca\/status\/1721581431187488790?s=20\n<\/div><\/figure>\n","protected":false},"excerpt":{"rendered":"<p>Ismael Garc\u00eda M.\/Zona Roja. Oaxaca de Ju\u00e1rez, Oax., a 6 de noviembre de 2023.- Entre&hellip;<\/p>\n","protected":false},"author":2,"featured_media":61778,"comment_status":"closed","ping_status":"open","sticky":false,"template":"","format":"standard","meta":{"_lmt_disableupdate":"","_lmt_disable":"","_jetpack_memberships_contains_paid_content":false,"footnotes":""},"categories":[109,46],"tags":[3723],"class_list":["post-61777","post","type-post","status-publish","format-standard","has-post-thumbnail","hentry","category-minuto-a-minuto","category-zona-blanca","tag-monica-guadalupe-marin-hernandez"],"jetpack_featured_media_url":"https:\/\/zonaroja.com.mx\/wp-content\/uploads\/2023\/11\/Monica-Guadalupe-Marin-Hernandez.jpg","jetpack_sharing_enabled":true,"_links":{"self":[{"href":"https:\/\/zonaroja.com.mx\/index.php?rest_route=\/wp\/v2\/posts\/61777","targetHints":{"allow":["GET"]}}],"collection":[{"href":"https:\/\/zonaroja.com.mx\/index.php?rest_route=\/wp\/v2\/posts"}],"about":[{"href":"https:\/\/zonaroja.com.mx\/index.php?rest_route=\/wp\/v2\/types\/post"}],"author":[{"embeddable":true,"href":"https:\/\/zonaroja.com.mx\/index.php?rest_route=\/wp\/v2\/users\/2"}],"replies":[{"embeddable":true,"href":"https:\/\/zonaroja.com.mx\/index.php?rest_route=%2Fwp%2Fv2%2Fcomments&post=61777"}],"version-history":[{"count":1,"href":"https:\/\/zonaroja.com.mx\/index.php?rest_route=\/wp\/v2\/posts\/61777\/revisions"}],"predecessor-version":[{"id":61779,"href":"https:\/\/zonaroja.com.mx\/index.php?rest_route=\/wp\/v2\/posts\/61777\/revisions\/61779"}],"wp:featuredmedia":[{"embeddable":true,"href":"https:\/\/zonaroja.com.mx\/index.php?rest_route=\/wp\/v2\/media\/61778"}],"wp:attachment":[{"href":"https:\/\/zonaroja.com.mx\/index.php?rest_route=%2Fwp%2Fv2%2Fmedia&parent=61777"}],"wp:term":[{"taxonomy":"category","embeddable":true,"href":"https:\/\/zonaroja.com.mx\/index.php?rest_route=%2Fwp%2Fv2%2Fcategories&post=61777"},{"taxonomy":"post_tag","embeddable":true,"href":"https:\/\/zonaroja.com.mx\/index.php?rest_route=%2Fwp%2Fv2%2Ftags&post=61777"}],"curies":[{"name":"wp","href":"https:\/\/api.w.org\/{rel}","templated":true}]}}