{"id":61780,"date":"2023-11-06T21:58:56","date_gmt":"2023-11-07T03:58:56","guid":{"rendered":"http:\/\/www.zonaroja.com.mx\/?p=61780"},"modified":"2023-11-06T21:58:57","modified_gmt":"2023-11-07T03:58:57","slug":"vuelve-violencia-a-miahuatlan-matan-a-balazos-a-un-individuo","status":"publish","type":"post","link":"https:\/\/zonaroja.com.mx\/?p=61780","title":{"rendered":"Vuelve violencia a Miahuatl\u00e1n; matan a balazos a un individuo"},"content":{"rendered":"\n<p>Ismael Garc\u00eda M.\/Zona Roja.<\/p>\n\n\n\n<p>Oaxaca de Ju\u00e1rez, Oax., a 6 de noviembre de 2023.- La violencia resurgi\u00f3 en el municipio de Miahuatl\u00e1n de Porfirio D\u00edaz y este lunes una persona del sexo masculino fue asesinado a balazos.<\/p>\n\n\n\n<p>El crimen se registr\u00f3 en la calle Miguel Hidalgo de la colonia La Merced, donde sujetos desconocidos dispararon en contra de quien fue identificado como Juan C. A.<\/p>\n\n\n\n<p>Param\u00e9dicos arribaron al sitio, cercano a la carretera federal 175, para dar los primeros auxilios, pero corroboraron que ya hab\u00eda perdido la vida; se desconoce a\u00fan qui\u00e9n o qui\u00e9nes lo ultimaron y no hay personas detenidas.<\/p>\n\n\n\n<p>EN SALINA CRUZ<\/p>\n\n\n\n<p>Por otra parte, en el municipio de Salina Cruz, tambi\u00e9n contin\u00faan los hechos violentos y cerca del mediod\u00eda de hoy, una persona de la tercera edad fue asaltada y golpeada.<\/p>\n\n\n\n<p>El hombre reci\u00e9n hab\u00eda salido de una sucursal del banco Bienestar donde retir\u00f3 dinero, pero cruzaba por el callej\u00f3n 5 de Febrero del barrio Cantarranas cuando fue alcanzado.<\/p>\n\n\n\n<p>Un sujeto le golpe\u00f3 la cabeza y le quit\u00f3 el dinero que hab\u00eda retirado, tras lo cual huy\u00f3; param\u00e9dicos de la Comisi\u00f3n Nacional de Emergencia brindaron los primeros auxilios a la v\u00edctima y los polic\u00edas municipales no lograron ninguna detenci\u00f3n.<\/p>\n\n\n\n<p>EN PINOTEPA<\/p>\n\n\n\n<p>Mientras tanto, en Santiago Pinotepa Nacional, municipio de la regi\u00f3n Costa, se dio a conocer el fallecimiento de un taxista, que el 2 de noviembre fue atacado a balazos.<\/p>\n\n\n\n<p>La v\u00edctima fue identificada como Fredy M., quien fue agredido a balazos cuando transitaba con su taxi del sitio \u201cPinotepa\u201d por la avenida Norberto Aguirre Palancares, pero perdi\u00f3 la vida hoy en el hospital donde lo atend\u00edan.<\/p>\n","protected":false},"excerpt":{"rendered":"<p>Ismael Garc\u00eda M.\/Zona Roja. Oaxaca de Ju\u00e1rez, Oax., a 6 de noviembre de 2023.- La&hellip;<\/p>\n","protected":false},"author":2,"featured_media":61781,"comment_status":"closed","ping_status":"open","sticky":false,"template":"","format":"standard","meta":{"_lmt_disableupdate":"","_lmt_disable":"","_jetpack_memberships_contains_paid_content":false,"footnotes":""},"categories":[109,51],"tags":[169],"class_list":["post-61780","post","type-post","status-publish","format-standard","has-post-thumbnail","hentry","category-minuto-a-minuto","category-zona-roja","tag-miahuatlan-de-porfirio-diaz"],"jetpack_featured_media_url":"https:\/\/zonaroja.com.mx\/wp-content\/uploads\/2023\/11\/Asesinado-Miahuatlan.png","jetpack_sharing_enabled":true,"_links":{"self":[{"href":"https:\/\/zonaroja.com.mx\/index.php?rest_route=\/wp\/v2\/posts\/61780","targetHints":{"allow":["GET"]}}],"collection":[{"href":"https:\/\/zonaroja.com.mx\/index.php?rest_route=\/wp\/v2\/posts"}],"about":[{"href":"https:\/\/zonaroja.com.mx\/index.php?rest_route=\/wp\/v2\/types\/post"}],"author":[{"embeddable":true,"href":"https:\/\/zonaroja.com.mx\/index.php?rest_route=\/wp\/v2\/users\/2"}],"replies":[{"embeddable":true,"href":"https:\/\/zonaroja.com.mx\/index.php?rest_route=%2Fwp%2Fv2%2Fcomments&post=61780"}],"version-history":[{"count":1,"href":"https:\/\/zonaroja.com.mx\/index.php?rest_route=\/wp\/v2\/posts\/61780\/revisions"}],"predecessor-version":[{"id":61782,"href":"https:\/\/zonaroja.com.mx\/index.php?rest_route=\/wp\/v2\/posts\/61780\/revisions\/61782"}],"wp:featuredmedia":[{"embeddable":true,"href":"https:\/\/zonaroja.com.mx\/index.php?rest_route=\/wp\/v2\/media\/61781"}],"wp:attachment":[{"href":"https:\/\/zonaroja.com.mx\/index.php?rest_route=%2Fwp%2Fv2%2Fmedia&parent=61780"}],"wp:term":[{"taxonomy":"category","embeddable":true,"href":"https:\/\/zonaroja.com.mx\/index.php?rest_route=%2Fwp%2Fv2%2Fcategories&post=61780"},{"taxonomy":"post_tag","embeddable":true,"href":"https:\/\/zonaroja.com.mx\/index.php?rest_route=%2Fwp%2Fv2%2Ftags&post=61780"}],"curies":[{"name":"wp","href":"https:\/\/api.w.org\/{rel}","templated":true}]}}