{"id":61783,"date":"2023-11-07T06:47:32","date_gmt":"2023-11-07T12:47:32","guid":{"rendered":"http:\/\/www.zonaroja.com.mx\/?p=61783"},"modified":"2023-11-07T06:47:34","modified_gmt":"2023-11-07T12:47:34","slug":"oaxaca-y-veracruz-refuerzan-seguridad-en-zona-limitrofe","status":"publish","type":"post","link":"https:\/\/zonaroja.com.mx\/?p=61783","title":{"rendered":"Oaxaca y Veracruz refuerzan seguridad en zona lim\u00edtrofe"},"content":{"rendered":"\n<p>Redacci\u00f3n\/Zona Roja.<\/p>\n\n\n\n<p>Oaxaca de Ju\u00e1rez, Oax., a 7 de noviembre de 2023.- Los gobiernos de Oaxaca y Veracruz firmaron un convenio de colaboraci\u00f3n, con la finalidad de fortalecer las acciones de seguridad en la zona lim\u00edtrofe de ambas entidades.<\/p>\n\n\n\n<p>Esto implica los 12 municipios oaxaque\u00f1os y 16 veracruzanos que en total conforman 500 kil\u00f3metros de frontera, con \u00e9nfasis en 33 municipios de Veracruz y 46 de Oaxaca, que comparten en el Corredor Interoce\u00e1nico del Istmo de Tehuantepec, inform\u00f3 la administraci\u00f3n estatal.&nbsp;<\/p>\n\n\n\n<p>En un comunicado, detall\u00f3 que el acuerdo tiene por objeto establecer los mecanismos de coordinaci\u00f3n y colaboraci\u00f3n para efectuar acciones conjuntas entre ambas partes en materia de seguridad p\u00fablica.<\/p>\n\n\n\n<p>De igual forma, se colaborar\u00e1 con la implementaci\u00f3n de mecanismos eficientes y eficaces de reacci\u00f3n inmediata para coadyuvar en la b\u00fasqueda y pronta localizaci\u00f3n de ni\u00f1as, ni\u00f1os y mujeres que se encuentren en riesgo de sufrir un da\u00f1o a su integridad por motivo de ausencia, desaparici\u00f3n o extrav\u00edo.<\/p>\n\n\n\n<p>As\u00ed como conjuntar esfuerzos y acciones para la protecci\u00f3n del medio ambiente y mitigaci\u00f3n de delitos de impacto ambiental, y establecer acciones tendientes a garantizar un corredor \u00e1gil y seguro para el tr\u00e1nsito y operaci\u00f3n de la carga comercial.<\/p>\n\n\n\n<p>Durante el acto efectuado en el municipio de Loma Bonita, el mandatario oaxaque\u00f1o, Salom\u00f3n Jara Cruz, destac\u00f3 que el Convenio Marco de Coordinaci\u00f3n y Colaboraci\u00f3n Intergubernamental de Acciones en Materia de Seguridad P\u00fablica trasciende debido a que Veracruz y Oaxaca son piezas clave para detonar el desarrollo del sur-sureste como nunca se hab\u00eda visto en la historia de la regi\u00f3n, ya que ambas entidades comparten rasgos culturales, riqueza natural y vocaciones productivas que son parte inigualable de la grandeza de M\u00e9xico.<\/p>\n\n\n\n<figure class=\"wp-block-image size-full\"><a href=\"http:\/\/www.zonaroja.com.mx\/wp-content\/uploads\/2023\/11\/Salomon-Jara-y-Cuitlahuaca-Garcia-Oaxaca-y-Veracruz.jpeg\" data-rel=\"penci-gallery-image-content\" ><img decoding=\"async\" width=\"800\" height=\"533\" src=\"http:\/\/www.zonaroja.com.mx\/wp-content\/uploads\/2023\/11\/Salomon-Jara-y-Cuitlahuaca-Garcia-Oaxaca-y-Veracruz.jpeg\" alt=\"\" class=\"wp-image-61785\" srcset=\"https:\/\/zonaroja.com.mx\/wp-content\/uploads\/2023\/11\/Salomon-Jara-y-Cuitlahuaca-Garcia-Oaxaca-y-Veracruz.jpeg 800w, https:\/\/zonaroja.com.mx\/wp-content\/uploads\/2023\/11\/Salomon-Jara-y-Cuitlahuaca-Garcia-Oaxaca-y-Veracruz-300x200.jpeg 300w, https:\/\/zonaroja.com.mx\/wp-content\/uploads\/2023\/11\/Salomon-Jara-y-Cuitlahuaca-Garcia-Oaxaca-y-Veracruz-768x512.jpeg 768w, https:\/\/zonaroja.com.mx\/wp-content\/uploads\/2023\/11\/Salomon-Jara-y-Cuitlahuaca-Garcia-Oaxaca-y-Veracruz-585x390.jpeg 585w, https:\/\/zonaroja.com.mx\/wp-content\/uploads\/2023\/11\/Salomon-Jara-y-Cuitlahuaca-Garcia-Oaxaca-y-Veracruz-263x175.jpeg 263w\" sizes=\"(max-width: 800px) 100vw, 800px\" \/><\/a><\/figure>\n\n\n\n<p>Abund\u00f3 en que ambos estados son protagonistas de un cambio de paradigmas en los escenarios macroecon\u00f3micos del pa\u00eds gracias al Corredor Interoce\u00e1nico del Istmo de Tehuantepec (CIIT), proyecto que incentivar\u00e1 como nunca antes el comercio, el empleo y el bienestar de la poblaci\u00f3n.<\/p>\n\n\n\n<p>El gobernador de Oaxaca reconoci\u00f3 tambi\u00e9n el apoyo decidido del Presidente de M\u00e9xico Andr\u00e9s Manuel L\u00f3pez Obrador para detonar los proyectos estrat\u00e9gicos en esta zona del pa\u00eds, ya que \u201cestas grandes aspiraciones que compartimos en materia de crecimiento econ\u00f3mico, no podr\u00e1n hacerse realidad si no ponemos en el centro de nuestras prioridades a la seguridad p\u00fablica como eje de nuestra cooperaci\u00f3n bilateral\u201d, expres\u00f3.<\/p>\n\n\n\n<p>En este sentido, ponder\u00f3 que este convenio en materia de seguridad en ambas fronteras es un tema estrat\u00e9gico para lograr que el intercambio comercial, el empleo y la econom\u00eda encuentren tierra f\u00e9rtil para la consolidaci\u00f3n de los proyectos establecidos, por lo que es fundamental el respaldo de los tres \u00f3rdenes de gobierno para reducir los \u00edndices delictivos y generar mejores condiciones de paz para la ciudadan\u00eda.<\/p>\n\n\n\n<p>En tanto, el Gobernador de Veracruz, Cuitl\u00e1huac Garc\u00eda Jim\u00e9nez, extern\u00f3 la imperiosa necesidad de garantizar la llegada de inversiones al Corredor Interoce\u00e1nico del Istmo de Tehuantepec, \u00abdonde hay seguridad, hay inversiones. Vamos a cumplir con el objetivo del Presidente, Andr\u00e9s Manuel L\u00f3pez Obrador\u00bb.<\/p>\n","protected":false},"excerpt":{"rendered":"<p>Redacci\u00f3n\/Zona Roja. Oaxaca de Ju\u00e1rez, Oax., a 7 de noviembre de 2023.- Los gobiernos de&hellip;<\/p>\n","protected":false},"author":2,"featured_media":61784,"comment_status":"closed","ping_status":"open","sticky":false,"template":"","format":"standard","meta":{"_lmt_disableupdate":"","_lmt_disable":"","_jetpack_memberships_contains_paid_content":false,"footnotes":""},"categories":[109,46],"tags":[939],"class_list":["post-61783","post","type-post","status-publish","format-standard","has-post-thumbnail","hentry","category-minuto-a-minuto","category-zona-blanca","tag-salomon-jara-cruz"],"jetpack_featured_media_url":"https:\/\/zonaroja.com.mx\/wp-content\/uploads\/2023\/11\/Oaxaca-y-Veracruz-convenio-seguridad.jpeg","jetpack_sharing_enabled":true,"_links":{"self":[{"href":"https:\/\/zonaroja.com.mx\/index.php?rest_route=\/wp\/v2\/posts\/61783","targetHints":{"allow":["GET"]}}],"collection":[{"href":"https:\/\/zonaroja.com.mx\/index.php?rest_route=\/wp\/v2\/posts"}],"about":[{"href":"https:\/\/zonaroja.com.mx\/index.php?rest_route=\/wp\/v2\/types\/post"}],"author":[{"embeddable":true,"href":"https:\/\/zonaroja.com.mx\/index.php?rest_route=\/wp\/v2\/users\/2"}],"replies":[{"embeddable":true,"href":"https:\/\/zonaroja.com.mx\/index.php?rest_route=%2Fwp%2Fv2%2Fcomments&post=61783"}],"version-history":[{"count":1,"href":"https:\/\/zonaroja.com.mx\/index.php?rest_route=\/wp\/v2\/posts\/61783\/revisions"}],"predecessor-version":[{"id":61786,"href":"https:\/\/zonaroja.com.mx\/index.php?rest_route=\/wp\/v2\/posts\/61783\/revisions\/61786"}],"wp:featuredmedia":[{"embeddable":true,"href":"https:\/\/zonaroja.com.mx\/index.php?rest_route=\/wp\/v2\/media\/61784"}],"wp:attachment":[{"href":"https:\/\/zonaroja.com.mx\/index.php?rest_route=%2Fwp%2Fv2%2Fmedia&parent=61783"}],"wp:term":[{"taxonomy":"category","embeddable":true,"href":"https:\/\/zonaroja.com.mx\/index.php?rest_route=%2Fwp%2Fv2%2Fcategories&post=61783"},{"taxonomy":"post_tag","embeddable":true,"href":"https:\/\/zonaroja.com.mx\/index.php?rest_route=%2Fwp%2Fv2%2Ftags&post=61783"}],"curies":[{"name":"wp","href":"https:\/\/api.w.org\/{rel}","templated":true}]}}