{"id":6181,"date":"2019-11-29T07:24:50","date_gmt":"2019-11-29T13:24:50","guid":{"rendered":"http:\/\/www.zonaroja.com.mx\/?p=6181"},"modified":"2019-11-29T07:24:53","modified_gmt":"2019-11-29T13:24:53","slug":"inician-entrega-de-mas-de-10-mil-lentes-de-ver-bien-para-aprender-mejor","status":"publish","type":"post","link":"https:\/\/zonaroja.com.mx\/?p=6181","title":{"rendered":"Inician entrega de m\u00e1s de 10 mil lentes de \u201cVer bien para aprender mejor\u201d"},"content":{"rendered":"\n<p>Redacci\u00f3n\/Zona Roja.<\/p>\n\n\n\n<p>Oaxaca de Ju\u00e1rez, Oax., 29 de noviembre\nde 2019.- El gobierno de Oaxaca, a trav\u00e9s del Instituto Estatal de Educaci\u00f3n\nP\u00fablica de Oaxaca (IEEPO) y la Fundaci\u00f3n \u201cVer Bien para Aprender Mejor\u201d, inici\u00f3\nayer la entrega de 10 mil anteojos gratuitos a estudiantes de educaci\u00f3n b\u00e1sica\ncon problemas de agudeza visual como miop\u00eda, hipermetrop\u00eda y astigmatismo, de\nlas regiones de la Sierra Sur y los Valles Centrales.<\/p>\n\n\n\n<p>Con la representaci\u00f3n del gobernador\nAlejandro Murat Hinojosa, el director general del IEEPO, Francisco \u00c1ngel\nVillarreal, acompa\u00f1ado del presidente de la Fundaci\u00f3n, Jos\u00e9 Antonio Dorbecker\nCastillo y del director general del Sistema Estatal para el Desarrollo Integral\nde la Familia (DIF) Oaxaca, Christian Holm Rodr\u00edguez, encabez\u00f3 el acto que\nreuni\u00f3 a escolares en su mayor\u00eda de planteles de comunidades ind\u00edgenas.<\/p>\n\n\n\n<p>El responsable de la pol\u00edtica educativa\nen la entidad se\u00f1al\u00f3 que esta entrega contribuye para que ni\u00f1as y ni\u00f1os mejoren\nsu visi\u00f3n y en consecuencia mejoren su aprendizaje. Asimismo, reconoci\u00f3 el\napoyo de la Fundaci\u00f3n Ver Bien para Aprender Mejor, que en 20 a\u00f1os trabajo ha\nlogrado arraigarse en la entidad.<\/p>\n\n\n\n<p>\u201cHoy se entregan 10 mil pares de lentes,\nno son anteojos gen\u00e9ricos, son herramientas que se fabricaron especialmente\npara cada una de las ni\u00f1as y ni\u00f1os beneficiados, tiene la graduaci\u00f3n exacta que\nrequieren y que se les diagnostic\u00f3 en las brigadas optometristas\u201d, destac\u00f3.<\/p>\n\n\n\n<p>A\u00f1adi\u00f3 que despu\u00e9s de cuatro a\u00f1os&nbsp; y con el respaldo del mandatario estatal se\nreactivaron las acciones para beneficio de 10 mil estudiantes, por lo que en\neste a\u00f1o, en el programa se destinaron 2.23 millones de pesos, de los cuales el\nGobierno del Estado erog\u00f3 el 50% del costo y la parte proporcional la\nFundaci\u00f3n.<\/p>\n\n\n\n<p>A trav\u00e9s de Jornada de Brigadas\nOptom\u00e9tricas se recorrieron 610 planteles educativos para la atenci\u00f3n de 30 mil\nalumnos y detectar a quienes presentan deficiencia visual y apoyarlas con\nlentes graduados.<\/p>\n\n\n\n<p>En su mensaje, el presidente de la\nFundaci\u00f3n \u201cVer Bien para Aprender Mejor\u201d destac\u00f3 la disposici\u00f3n del gobernador\ny de la presidenta honoraria del DIF Oaxaca, Ivette Mor\u00e1n de Murat, hacia este\nprograma, que durante las visitas a las escuelas -a trav\u00e9s de las Brigadas\nOptom\u00e9tricas- integradas por especialistas, diagnostica problemas en la visi\u00f3n\nen las ni\u00f1as, ni\u00f1os y adolescentes.<\/p>\n\n\n\n<p>Tambi\u00e9n, ante madres y padres de familia,\nas\u00ed como docentes, el representante del DIF mencion\u00f3 que este organismo\nasistencial suma esfuerzos en la atenci\u00f3n y el mejoramiento de la calidad de\nvida de los sectores vulnerables.<\/p>\n\n\n\n<p>A nombre de las y los beneficiados, Aldo\nJuli\u00e1n y Jerem\u00edas quien lleg\u00f3 a presentar una graduaci\u00f3n muy alta de hasta 23\ndioptr\u00edas,&nbsp; dieron sus testimonios y\nagradecieron el apoyo recibido a trav\u00e9s del programa, felices por lo que les\nrepresenta un cambio en sus vidas.&nbsp; <\/p>\n","protected":false},"excerpt":{"rendered":"<p>Redacci\u00f3n\/Zona Roja. Oaxaca de Ju\u00e1rez, Oax., 29 de noviembre de 2019.- El gobierno de Oaxaca,&hellip;<\/p>\n","protected":false},"author":2,"featured_media":6182,"comment_status":"closed","ping_status":"open","sticky":false,"template":"","format":"standard","meta":{"_lmt_disableupdate":"","_lmt_disable":"","_jetpack_memberships_contains_paid_content":false,"footnotes":""},"categories":[109,46],"tags":[599],"class_list":["post-6181","post","type-post","status-publish","format-standard","has-post-thumbnail","hentry","category-minuto-a-minuto","category-zona-blanca","tag-instituto-estatal-de-educacion-publica-de-oaxaca"],"jetpack_featured_media_url":"https:\/\/zonaroja.com.mx\/wp-content\/uploads\/2019\/11\/IEEPO-ENTREGA-DE-10-MIL-LENTES-3.jpeg","jetpack_sharing_enabled":true,"_links":{"self":[{"href":"https:\/\/zonaroja.com.mx\/index.php?rest_route=\/wp\/v2\/posts\/6181","targetHints":{"allow":["GET"]}}],"collection":[{"href":"https:\/\/zonaroja.com.mx\/index.php?rest_route=\/wp\/v2\/posts"}],"about":[{"href":"https:\/\/zonaroja.com.mx\/index.php?rest_route=\/wp\/v2\/types\/post"}],"author":[{"embeddable":true,"href":"https:\/\/zonaroja.com.mx\/index.php?rest_route=\/wp\/v2\/users\/2"}],"replies":[{"embeddable":true,"href":"https:\/\/zonaroja.com.mx\/index.php?rest_route=%2Fwp%2Fv2%2Fcomments&post=6181"}],"version-history":[{"count":1,"href":"https:\/\/zonaroja.com.mx\/index.php?rest_route=\/wp\/v2\/posts\/6181\/revisions"}],"predecessor-version":[{"id":6183,"href":"https:\/\/zonaroja.com.mx\/index.php?rest_route=\/wp\/v2\/posts\/6181\/revisions\/6183"}],"wp:featuredmedia":[{"embeddable":true,"href":"https:\/\/zonaroja.com.mx\/index.php?rest_route=\/wp\/v2\/media\/6182"}],"wp:attachment":[{"href":"https:\/\/zonaroja.com.mx\/index.php?rest_route=%2Fwp%2Fv2%2Fmedia&parent=6181"}],"wp:term":[{"taxonomy":"category","embeddable":true,"href":"https:\/\/zonaroja.com.mx\/index.php?rest_route=%2Fwp%2Fv2%2Fcategories&post=6181"},{"taxonomy":"post_tag","embeddable":true,"href":"https:\/\/zonaroja.com.mx\/index.php?rest_route=%2Fwp%2Fv2%2Ftags&post=6181"}],"curies":[{"name":"wp","href":"https:\/\/api.w.org\/{rel}","templated":true}]}}