{"id":61813,"date":"2023-11-07T18:01:24","date_gmt":"2023-11-08T00:01:24","guid":{"rendered":"http:\/\/www.zonaroja.com.mx\/?p=61813"},"modified":"2023-11-07T18:01:26","modified_gmt":"2023-11-08T00:01:26","slug":"por-incumplimiento-de-ieepo-seccion-22-de-snte-se-va-a-paro","status":"publish","type":"post","link":"https:\/\/zonaroja.com.mx\/?p=61813","title":{"rendered":"Por incumplimiento de IEEPO, Secci\u00f3n 22 de SNTE se va a paro"},"content":{"rendered":"\n<p>Yuridiana Sosa\/Zona Roja.<\/p>\n\n\n\n<p>Oaxaca de Ju\u00e1rez, Oax., 7 de noviembre de 2023.- Frente a diversos incumplimientos del Instituto Estatal de Educaci\u00f3n de Oaxaca (IEEPO), la Secci\u00f3n 22 del Sindicato Nacional de Trabajadores de la Educaci\u00f3n (SNTE) anunci\u00f3 que llevar\u00e1 a cabo un paro de 72 horas, el pr\u00f3ximo 13, 14 y 15 de noviembre.<\/p>\n\n\n\n<p>La protesta fue convocada por la representaci\u00f3n Seccional de la regi\u00f3n del Istmo, para una movilizaci\u00f3n masiva, tras los acuerdos emanados de la asamblea regional del pasado 27 de octubre.<\/p>\n\n\n\n<p>La Secci\u00f3n 22 del SNTE exige al IEEPO la entrega inmediata de los vales para uniformes escolares de los ciclos 2022-2023 y del actual, 2023-2024, lo cual afecta a miles de estudiantes de educaci\u00f3n b\u00e1sica.<\/p>\n\n\n\n<p>Otra de las demandas, solicitada desde hace varios meses, es la sustituci\u00f3n inmediata de funcionarios del Instituto de Educaci\u00f3n que dirige Emilio Montero, los cuales fueron votados en la asamblea estatal de la gremial, petici\u00f3n que se ha realizado de forma reitera en diversas protestas.<\/p>\n\n\n\n<p>Entre los objetivos del paro de tres d\u00edas en la regi\u00f3n del Istmo, la Secci\u00f3n 22 contempla la exigencia del inicio inmediato de los trabajos del hospital regional de Tehuantepec y el cumplimiento de los acuerdos adquiridos en los recorridos en las cl\u00ednicas y la Unidad de Medicina Familiar de la regi\u00f3n del Istmo, llevado a cabo los d\u00edas 9, 10 y 11 de agosto con los funcionarios del ISSSTE.<\/p>\n\n\n\n<p>Por otra parte, este martes una representaci\u00f3n del magisterio protest\u00f3 en la sede de la C\u00e1mara de Diputados local, en el municipio de San Raymundo Jalpan, en el marco de la reuni\u00f3n de trabajo con la Direcci\u00f3n de Educaci\u00f3n de Pueblos Originarios con legisladores y funcionarios estatales.<\/p>\n","protected":false},"excerpt":{"rendered":"<p>Yuridiana Sosa\/Zona Roja. Oaxaca de Ju\u00e1rez, Oax., 7 de noviembre de 2023.- Frente a diversos&hellip;<\/p>\n","protected":false},"author":2,"featured_media":47706,"comment_status":"closed","ping_status":"open","sticky":false,"template":"","format":"standard","meta":{"_lmt_disableupdate":"","_lmt_disable":"","_jetpack_memberships_contains_paid_content":false,"footnotes":""},"categories":[109,47],"tags":[312],"class_list":["post-61813","post","type-post","status-publish","format-standard","has-post-thumbnail","hentry","category-minuto-a-minuto","category-zona-gris","tag-seccion-22-del-snte"],"jetpack_featured_media_url":"https:\/\/zonaroja.com.mx\/wp-content\/uploads\/2022\/11\/cnte.jpg","jetpack_sharing_enabled":true,"_links":{"self":[{"href":"https:\/\/zonaroja.com.mx\/index.php?rest_route=\/wp\/v2\/posts\/61813","targetHints":{"allow":["GET"]}}],"collection":[{"href":"https:\/\/zonaroja.com.mx\/index.php?rest_route=\/wp\/v2\/posts"}],"about":[{"href":"https:\/\/zonaroja.com.mx\/index.php?rest_route=\/wp\/v2\/types\/post"}],"author":[{"embeddable":true,"href":"https:\/\/zonaroja.com.mx\/index.php?rest_route=\/wp\/v2\/users\/2"}],"replies":[{"embeddable":true,"href":"https:\/\/zonaroja.com.mx\/index.php?rest_route=%2Fwp%2Fv2%2Fcomments&post=61813"}],"version-history":[{"count":1,"href":"https:\/\/zonaroja.com.mx\/index.php?rest_route=\/wp\/v2\/posts\/61813\/revisions"}],"predecessor-version":[{"id":61814,"href":"https:\/\/zonaroja.com.mx\/index.php?rest_route=\/wp\/v2\/posts\/61813\/revisions\/61814"}],"wp:featuredmedia":[{"embeddable":true,"href":"https:\/\/zonaroja.com.mx\/index.php?rest_route=\/wp\/v2\/media\/47706"}],"wp:attachment":[{"href":"https:\/\/zonaroja.com.mx\/index.php?rest_route=%2Fwp%2Fv2%2Fmedia&parent=61813"}],"wp:term":[{"taxonomy":"category","embeddable":true,"href":"https:\/\/zonaroja.com.mx\/index.php?rest_route=%2Fwp%2Fv2%2Fcategories&post=61813"},{"taxonomy":"post_tag","embeddable":true,"href":"https:\/\/zonaroja.com.mx\/index.php?rest_route=%2Fwp%2Fv2%2Ftags&post=61813"}],"curies":[{"name":"wp","href":"https:\/\/api.w.org\/{rel}","templated":true}]}}