{"id":61815,"date":"2023-11-07T18:09:28","date_gmt":"2023-11-08T00:09:28","guid":{"rendered":"http:\/\/www.zonaroja.com.mx\/?p=61815"},"modified":"2023-11-07T18:09:30","modified_gmt":"2023-11-08T00:09:30","slug":"tension-entre-tlaxiaco-y-cuquila-oaxaca-por-detencion-arbitraria","status":"publish","type":"post","link":"https:\/\/zonaroja.com.mx\/?p=61815","title":{"rendered":"Tensi\u00f3n entre Tlaxiaco y Cuquila, Oaxaca, por detenci\u00f3n arbitraria"},"content":{"rendered":"\n<p>Ismael Garc\u00eda M.\/Zona Roja.<\/p>\n\n\n\n<p>Oaxaca de Ju\u00e1rez, Oax., a 7 de noviembre de 2023.- Polic\u00edas municipales de la Heroica Ciudad de Tlaxiaco detuvieron de forma arbitraria a un ciudadano de la localidad de Santa Mar\u00eda Cuquila y \u00e9stos, en represalia, retienen a una autoridad municipal y una patrulla.<\/p>\n\n\n\n<p>Seg\u00fan dio a conocer la asociaci\u00f3n civil Centro de Derechos Humanos y Asesor\u00eda a Pueblos Ind\u00edgenas (Cedhapi), ayer por la tarde el se\u00f1or Gerardo Crisanto Rojas L\u00f3pez lleg\u00f3 a una sucursal del banco Santander en el centro de la ciudad de Tlaxiaco.<\/p>\n\n\n\n<p>Estacion\u00f3 por unos momentos su veh\u00edculo fuera del establecimiento y en cuyo interior quedaron su esposa, su hija de 12 a\u00f1os de edad y otra persona, pues retirar\u00eda dinero para llevar a un familiar al m\u00e9dico.<\/p>\n\n\n\n<p>Sin embargo, de inmediato arrib\u00f3 un elemento de vialidad municipal que sin reconvenir al conductor, comenz\u00f3 a retirar las placas, por lo cual la esposa del se\u00f1or Gerardo recrimin\u00f3 la actitud.<\/p>\n\n\n\n<p>Pero fue insultada y vejada por el uniformado quien pidi\u00f3 refuerzos de la polic\u00eda municipal, quienes pretend\u00edan extorsionar al due\u00f1o del veh\u00edculo para no llevarlo al corral\u00f3n, pero al no acceder, fue detenido de forma violenta y llevado a los separos.<\/p>\n\n\n\n<p>Por la noche un grupo de habitantes de Cuquila arrib\u00f3 a la c\u00e1rcel municipal para exigir la liberaci\u00f3n de su ciudadano y para lo cual quem\u00f3 llantas en el exterior.<\/p>\n\n\n\n<p>Sin embargo, ninguna autoridad de Tlaxiaco acudi\u00f3 la queja y petici\u00f3n, ante lo cual los agraviados decidieron retener a un trabajador del ayuntamiento y una patrulla, para llev\u00e1rselos a su comunidad.<\/p>\n\n\n\n<p>Al mediod\u00eda de este martes inici\u00f3 una reuni\u00f3n en Cuquila con las partes en conflicto pero hasta esta tarde no se ha alcanzado ning\u00fan acuerdo, ante la negativa de Tlaxiaco de atender con seriedad la problem\u00e1tica.<\/p>\n\n\n\n<p>Por ello, los habitantes de Cuquila amenazan con bloquear carreteras de la zona, a fin de exigir la liberaci\u00f3n de su ciudadano y ahora la renuncia de funcionarios municipales.<\/p>\n\n\n\n<p>En tanto, la asociaci\u00f3n civil Cedhapi puntualiz\u00f3:<\/p>\n\n\n\n<p>\u201cLos abusos por parte de la polic\u00eda municipal y vial son constantes quienes cometen actos de extorsi\u00f3n, cohecho y abuso de autoridad, sobre todo a personas de comunidades ind\u00edgenas que se trasladan a esta ciudad de Tlaxiaco, para efectuar sus compras y realizar tr\u00e1mites en diferentes dependencias.<\/p>\n\n\n\n<p>\u201cPor lo cual el Cedhapi solicita que cesen los actos de abusos policiacos en esta ciudad de Tlaxiaco a personas de comunidades ind\u00edgenas que son extorsionadas y violentadas constantemente\u201d. &nbsp;&nbsp;<\/p>\n","protected":false},"excerpt":{"rendered":"<p>Ismael Garc\u00eda M.\/Zona Roja. Oaxaca de Ju\u00e1rez, Oax., a 7 de noviembre de 2023.- Polic\u00edas&hellip;<\/p>\n","protected":false},"author":2,"featured_media":61816,"comment_status":"closed","ping_status":"open","sticky":false,"template":"","format":"standard","meta":{"_lmt_disableupdate":"","_lmt_disable":"","_jetpack_memberships_contains_paid_content":false,"footnotes":""},"categories":[109,47],"tags":[643],"class_list":["post-61815","post","type-post","status-publish","format-standard","has-post-thumbnail","hentry","category-minuto-a-minuto","category-zona-gris","tag-heroica-ciudad-de-tlaxiaco"],"jetpack_featured_media_url":"https:\/\/zonaroja.com.mx\/wp-content\/uploads\/2023\/11\/Protesta-de-Cuquila-en-Tlaxiaco.jpeg","jetpack_sharing_enabled":true,"_links":{"self":[{"href":"https:\/\/zonaroja.com.mx\/index.php?rest_route=\/wp\/v2\/posts\/61815","targetHints":{"allow":["GET"]}}],"collection":[{"href":"https:\/\/zonaroja.com.mx\/index.php?rest_route=\/wp\/v2\/posts"}],"about":[{"href":"https:\/\/zonaroja.com.mx\/index.php?rest_route=\/wp\/v2\/types\/post"}],"author":[{"embeddable":true,"href":"https:\/\/zonaroja.com.mx\/index.php?rest_route=\/wp\/v2\/users\/2"}],"replies":[{"embeddable":true,"href":"https:\/\/zonaroja.com.mx\/index.php?rest_route=%2Fwp%2Fv2%2Fcomments&post=61815"}],"version-history":[{"count":1,"href":"https:\/\/zonaroja.com.mx\/index.php?rest_route=\/wp\/v2\/posts\/61815\/revisions"}],"predecessor-version":[{"id":61817,"href":"https:\/\/zonaroja.com.mx\/index.php?rest_route=\/wp\/v2\/posts\/61815\/revisions\/61817"}],"wp:featuredmedia":[{"embeddable":true,"href":"https:\/\/zonaroja.com.mx\/index.php?rest_route=\/wp\/v2\/media\/61816"}],"wp:attachment":[{"href":"https:\/\/zonaroja.com.mx\/index.php?rest_route=%2Fwp%2Fv2%2Fmedia&parent=61815"}],"wp:term":[{"taxonomy":"category","embeddable":true,"href":"https:\/\/zonaroja.com.mx\/index.php?rest_route=%2Fwp%2Fv2%2Fcategories&post=61815"},{"taxonomy":"post_tag","embeddable":true,"href":"https:\/\/zonaroja.com.mx\/index.php?rest_route=%2Fwp%2Fv2%2Ftags&post=61815"}],"curies":[{"name":"wp","href":"https:\/\/api.w.org\/{rel}","templated":true}]}}