{"id":61821,"date":"2023-11-07T21:58:14","date_gmt":"2023-11-08T03:58:14","guid":{"rendered":"http:\/\/www.zonaroja.com.mx\/?p=61821"},"modified":"2023-11-07T21:58:16","modified_gmt":"2023-11-08T03:58:16","slug":"pese-a-flujo-de-migrantes-en-oaxaca-aun-no-estrategia-para-su-control-y-ayuda","status":"publish","type":"post","link":"https:\/\/zonaroja.com.mx\/?p=61821","title":{"rendered":"Pese a flujo de migrantes en Oaxaca, a\u00fan no estrategia para su control y ayuda"},"content":{"rendered":"\n<p>Yuridiana Sosa\/Zona Roja.&nbsp;<\/p>\n\n\n\n<p>Oaxaca de Ju\u00e1rez, Oax., a 7 de noviembre de 2023.- Pese a que el tr\u00e1nsito, permanencia y dispersi\u00f3n de migrantes por la capital del estado no ha cesado, el gobierno de Oaxaca todav\u00eda no cuenta con una estrategia para reducir los impactos de su estancia y al mismo tiempo ayudar a los visitantes.<\/p>\n\n\n\n<p>Tras el cierre del centro de movilidad en San Sebasti\u00e1n Tutla, el pasado 28 de octubre, que funcion\u00f3 durante un mes para albergar a los migrantes hasta el momento de su traslado a la Ciudad de M\u00e9xico, los espacios p\u00fablicos como plazas y parques en el centro de la capital se han visto inundadas por nuevos campamentos de los centroamericanos.<\/p>\n\n\n\n<p>La clausura de dicho espacio, supuestamente para dar paso a las festividades de D\u00eda de Muertos en esa comunidad, y tambi\u00e9n por la inconformidad de su poblaci\u00f3n, se realiz\u00f3 sin prever otro lugar para el control de este flujo.&nbsp;<\/p>\n\n\n\n<p>El secretario de Gobierno, Jes\u00fas Romero, se\u00f1al\u00f3 que este mi\u00e9rcoles las autoridades correspondientes se reunir\u00e1n con el gobernador Salom\u00f3n Jara para realizar una estrategia y evitar que esos eventos se repitan.<\/p>\n\n\n\n<p>Sin embargo, minimiz\u00f3 la presencia de los grupos de migrantes que actualmente se encuentran en la ciudad de Oaxaca, pues dijo que son menores a la cantidad de personas en esta condici\u00f3n en meses atr\u00e1s.<\/p>\n\n\n\n<p>\u00abEn la ciudad hay un reflujo por el cierre de Tutla, pero con la ampliaci\u00f3n de salidas a la Ciudad de M\u00e9xico ya es m\u00ednima&nbsp;respecto a anteriores meses\u00bb, indic\u00f3 durante la conferencia matutina de este martes.&nbsp;<\/p>\n\n\n\n<p>Sostuvo que meses antes, el 30 por ciento de la caravana que llegaba a la entidad se trasladaba a la capital, mientras que el 70 por ciento permanec\u00eda en Juchit\u00e1n, en el Istmo, para su traslado al centro de pa\u00eds; actualmente es s\u00f3lo el 10 por ciento del total el que decide llegar a la ciudad de Oaxaca.&nbsp;<\/p>\n\n\n\n<p>Mientras que asegur\u00f3 que a\u00fan no arriba a la entidad ning\u00fan grupo de migrantes de la nueva caravana que parti\u00f3 la ma\u00f1ana del lunes de Chiapas.<\/p>\n\n\n\n<p>En tanto, el gobernador Salom\u00f3n Jara dijo que hacen lo posible para ofrecer ayuda a los migrantes, que se reduzcan las inconformidades de la poblaci\u00f3n y que a su vez los ciudadanos extranjeros no se vean involucrados en actos il\u00edcitos.<\/p>\n\n\n\n<p>TRASLADOS<\/p>\n\n\n\n<p>Inform\u00f3 que el centro de movilidad de Juchit\u00e1n ha logrado recibir hasta seis mil migrantes en un d\u00eda, mientras que del 25 de septiembre al 6 de noviembre se han realizado de ese punto 104 mil 627 traslados y un total en la entidad de 141 mil 729.<\/p>\n\n\n\n<p>El secretario de Gobierno dijo que se ha visto una mayor presencia de migrantes haitianos, pero tanto ellos como cubanos y venezolanos s\u00f3lo van de paso por la entidad, sin intenciones de quedarse.&nbsp;<\/p>\n\n\n\n<p>Apoyados por el Instituto Nacional de Migraci\u00f3n van en busca de una cita con oficinas de Estados Unidos para conseguir asilo en ese pa\u00eds.&nbsp;<\/p>\n\n\n\n<p>Mientras que otros grupos m\u00e1s siguen siendo enga\u00f1ados por empresas transportistas que les ofrecen llevarlos a la Ciudad de M\u00e9xico, como ocurri\u00f3 con algunos que fueron abandonados en Pochutla y en Huatulco.&nbsp;<\/p>\n","protected":false},"excerpt":{"rendered":"<p>Yuridiana Sosa\/Zona Roja.&nbsp; Oaxaca de Ju\u00e1rez, Oax., a 7 de noviembre de 2023.- Pese a&hellip;<\/p>\n","protected":false},"author":2,"featured_media":61822,"comment_status":"closed","ping_status":"open","sticky":false,"template":"","format":"standard","meta":{"_lmt_disableupdate":"","_lmt_disable":"","_jetpack_memberships_contains_paid_content":false,"footnotes":""},"categories":[109,47],"tags":[3703],"class_list":["post-61821","post","type-post","status-publish","format-standard","has-post-thumbnail","hentry","category-minuto-a-minuto","category-zona-gris","tag-migrantes-oaxaca"],"jetpack_featured_media_url":"https:\/\/zonaroja.com.mx\/wp-content\/uploads\/2023\/11\/Migrantes-ciudad-de-Oaxaca.jpg","jetpack_sharing_enabled":true,"_links":{"self":[{"href":"https:\/\/zonaroja.com.mx\/index.php?rest_route=\/wp\/v2\/posts\/61821","targetHints":{"allow":["GET"]}}],"collection":[{"href":"https:\/\/zonaroja.com.mx\/index.php?rest_route=\/wp\/v2\/posts"}],"about":[{"href":"https:\/\/zonaroja.com.mx\/index.php?rest_route=\/wp\/v2\/types\/post"}],"author":[{"embeddable":true,"href":"https:\/\/zonaroja.com.mx\/index.php?rest_route=\/wp\/v2\/users\/2"}],"replies":[{"embeddable":true,"href":"https:\/\/zonaroja.com.mx\/index.php?rest_route=%2Fwp%2Fv2%2Fcomments&post=61821"}],"version-history":[{"count":1,"href":"https:\/\/zonaroja.com.mx\/index.php?rest_route=\/wp\/v2\/posts\/61821\/revisions"}],"predecessor-version":[{"id":61823,"href":"https:\/\/zonaroja.com.mx\/index.php?rest_route=\/wp\/v2\/posts\/61821\/revisions\/61823"}],"wp:featuredmedia":[{"embeddable":true,"href":"https:\/\/zonaroja.com.mx\/index.php?rest_route=\/wp\/v2\/media\/61822"}],"wp:attachment":[{"href":"https:\/\/zonaroja.com.mx\/index.php?rest_route=%2Fwp%2Fv2%2Fmedia&parent=61821"}],"wp:term":[{"taxonomy":"category","embeddable":true,"href":"https:\/\/zonaroja.com.mx\/index.php?rest_route=%2Fwp%2Fv2%2Fcategories&post=61821"},{"taxonomy":"post_tag","embeddable":true,"href":"https:\/\/zonaroja.com.mx\/index.php?rest_route=%2Fwp%2Fv2%2Ftags&post=61821"}],"curies":[{"name":"wp","href":"https:\/\/api.w.org\/{rel}","templated":true}]}}