{"id":61835,"date":"2023-11-08T09:30:00","date_gmt":"2023-11-08T15:30:00","guid":{"rendered":"http:\/\/www.zonaroja.com.mx\/?p=61835"},"modified":"2023-11-08T12:19:52","modified_gmt":"2023-11-08T18:19:52","slug":"con-acusaciones-y-violencia-inicia-proceso-de-relevo-en-la-uabjo","status":"publish","type":"post","link":"https:\/\/zonaroja.com.mx\/?p=61835","title":{"rendered":"Con acusaciones y violencia inicia proceso de relevo en la UABJO"},"content":{"rendered":"\n<p>Yuridiana Sosa\/Zona Roja.&nbsp;<\/p>\n\n\n\n<p>Oaxaca de Ju\u00e1rez, Oax., a 9 de noviembre de 2023.- La disputa por la rector\u00eda de la Universidad Aut\u00f3noma \u00abBenito Ju\u00e1rez\u00bb de Oaxaca (UABJO) incrementa en la familia del ex rector Abraham Mart\u00ednez Alavez, ante la presunta intenci\u00f3n de sus hijos, Roc\u00edo y Abraham Mart\u00ednez Helmes de buscar el cargo. <\/p>\n\n\n\n<p>Por medio de una carta p\u00fablica, Mart\u00ednez Alavez revel\u00f3 la ruptura de la relaci\u00f3n con su yerno, Carlos P\u00e9rezcampos Mayoral, subsecretario de Desarrollo Democr\u00e1tico en la Secretar\u00eda de Gobierno de Oaxaca y ex director de la Facultad de Derecho de la UABJO, misma que actualmente dirige Roc\u00edo Mart\u00ednez Helmes.<\/p>\n\n\n\n<p>Seg\u00fan el ex rector, el funcionario de gobierno lo ha difamado p\u00fablicamente y asegurado que se opone a que Roc\u00edo Mart\u00ednez ocupe la rector\u00eda de la Universidad, pues trata de imponer a su hijo Abraham Mart\u00ednez, actual secretario General de la UABJO.&nbsp;<\/p>\n\n\n\n<p>\u00abYo no puedo prometerle a ninguno de mi hijos un puesto que no depende del deseo que uno tenga, sino de las circunstancias\u00bb, se\u00f1al\u00f3 Mart\u00ednez Alevez en el escrito, en el que puntualiz\u00f3: \u00abDeclaro&nbsp;p\u00fablicamente que ya no los defender\u00e9 (a su hija y el grupo af\u00edn en la Facultad de Derecho) y que mi relaci\u00f3n con el licenciado Carlos Perezcampo&nbsp;est\u00e1 terminada\u00bb.&nbsp;<\/p>\n\n\n\n<p>En tanto que en medio de este conflicto se encuentra el actual rector, Cristian \u00c9der Carre\u00f1o L\u00f3pez, quien busca la reelecci\u00f3n de su cargo, mismo al que presuntamente lleg\u00f3 con el respaldo de Abraham Mart\u00ednez Alavez, por recomendaci\u00f3n de Jos\u00e9 Manuel Vera Salinas y con el aval de Alejandro Murat Hinojosa.&nbsp;<\/p>\n\n\n\n<p>EN EVIDENCIA<\/p>\n\n\n\n<p>El ex rector Mart\u00ednez Alavez exhibe en su carta p\u00fablica que el actual conflicto familiar-pol\u00edtico \u00abempez\u00f3 cuando el Gobierno del Estado entreg\u00f3 a nuestro equipo una subsecretar\u00eda de la Secretar\u00eda General de Gobierno y yo estuve de acuerdo que el licenciado Carlos Perezcampos ocupara ese puesto y a partir de entonces se empez\u00f3 a distanciar de m\u00ed y de mi esposa\u00bb.&nbsp;<\/p>\n\n\n\n<p>Dijo que Perezcampo Mayoral puso a disposici\u00f3n de funcionarios del gobierno las instalaciones de la Facultad de Derecho para que recibieran&nbsp;los cursos de capacitaci\u00f3n y entablar relaciones, y se par\u00f3 el cuello solo, ignor\u00e1ndome completamente y demostrando a todos que \u00e9l era el que mandaba en la Facultad de Derecho\u00bb.&nbsp;<\/p>\n\n\n\n<p>Adem\u00e1s de que su yerno puso en contra de \u00e9l a su hija, el funcionario lo ha insultado, como ocurri\u00f3 ayer v\u00eda telef\u00f3nica, de lo cual tiene evidencias, as\u00ed como de un documento el que le refieren que se ha enriquecido porque cobra cuotas a varias escuelas.&nbsp;<\/p>\n\n\n\n<p>\u00abEstoy dispuesto a que me investiguen. luego dicen que yo soy el culpable de la decadencia acad\u00e9mica de la Facultad de Derecho, yo no estoy en la facultad y no soy responsable de que pocos maestros y alumnos asisten a clases\u00bb.<\/p>\n\n\n\n<p>De los problemas en dicha facultad responsabiliz\u00f3 al mismo Carlos Perezcampos, pues durante su direcci\u00f3n gan\u00f3 enemistades y form\u00f3 un peque\u00f1o grupo en torno a la direcci\u00f3n de la facultad, cuyos integrantes contin\u00faan en pelea con los coordinadores y dirigentes.<\/p>\n\n\n\n<p>As\u00ed tambi\u00e9n, el funcionario ha contratado un grupo de porros dirigidos por una persona conocida como Adri\u00e1n \u00abEl Tomatero\u00bb y amenaza a quienes no le obedecen.<\/p>\n\n\n\n<p>Sobre las pintas denunciadas contra la directora de Derecho, Roc\u00edo Mart\u00ednez, Perezcampo se\u00f1al\u00f3 como responsable a su suegro, mientras que la directora apunt\u00f3 al rector Cristian Carre\u00f1o L\u00f3pez. <\/p>\n\n\n\n<p>REPROCHE<\/p>\n\n\n\n<p>Mart\u00ednez Alavez record\u00f3 en su escrito que \u00e9l fue quien le consigui\u00f3 a Perezcampos el primer empleo p\u00fablico en la Secretar\u00eda de Administraci\u00f3n del gobierno en el sexenio de Gabino Cu\u00e9, as\u00ed como tambi\u00e9n gestion\u00f3 en la \u00faltima etapa de Eduardo Mart\u00ednez Herlmes, como rector de la UABJO, la participaci\u00f3n de su yerno y de sus otros dos hijos<\/p>\n\n\n\n<p>Tambi\u00e9n puso en evidencia que \u00e9l hizo el trabajo pol\u00edtico en la Facultad de Derecho para que Perezcampos Mayoral fuera director de la Facultad de Derecho pese a la inconformidad de varios compa\u00f1eros con mayor antig\u00fcedad y \u00e9l tambi\u00e9n intervino para que su hija Roc\u00edo llegara a ser la directora de esa facultad.<\/p>\n\n\n\n<p>Cabe recordar que en la administraci\u00f3n anterior, Mart\u00ednez Alavez aval\u00f3 que el gobierno encarcelara a su hijo, Eduardo Mart\u00ednez Helmes, tambi\u00e9n ex rector, por oponerse a sus designios. <\/p>\n\n\n\n<p>Asimismo, desde la campa\u00f1a pol\u00edtica y actualmente, Abraham Mart\u00ednez, a quien conocen como el cacique de la UABJO, ha fortalecido su relaci\u00f3n con No\u00e9 Jara Cruz y ambos pretenden designar como rector a Abraham Mart\u00ednez Helmes. <\/p>\n","protected":false},"excerpt":{"rendered":"<p>Yuridiana Sosa\/Zona Roja.&nbsp; Oaxaca de Ju\u00e1rez, Oax., a 9 de noviembre de 2023.- La disputa&hellip;<\/p>\n","protected":false},"author":2,"featured_media":61836,"comment_status":"closed","ping_status":"open","sticky":false,"template":"","format":"standard","meta":{"_lmt_disableupdate":"","_lmt_disable":"","_jetpack_memberships_contains_paid_content":false,"footnotes":""},"categories":[109,47],"tags":[3725,239],"class_list":["post-61835","post","type-post","status-publish","format-standard","has-post-thumbnail","hentry","category-minuto-a-minuto","category-zona-gris","tag-abraham-martinez-alavez","tag-uabjo"],"jetpack_featured_media_url":"https:\/\/zonaroja.com.mx\/wp-content\/uploads\/2023\/11\/Abraham-Martinez-Alavez-y-Noe-Jara.jpg","jetpack_sharing_enabled":true,"_links":{"self":[{"href":"https:\/\/zonaroja.com.mx\/index.php?rest_route=\/wp\/v2\/posts\/61835","targetHints":{"allow":["GET"]}}],"collection":[{"href":"https:\/\/zonaroja.com.mx\/index.php?rest_route=\/wp\/v2\/posts"}],"about":[{"href":"https:\/\/zonaroja.com.mx\/index.php?rest_route=\/wp\/v2\/types\/post"}],"author":[{"embeddable":true,"href":"https:\/\/zonaroja.com.mx\/index.php?rest_route=\/wp\/v2\/users\/2"}],"replies":[{"embeddable":true,"href":"https:\/\/zonaroja.com.mx\/index.php?rest_route=%2Fwp%2Fv2%2Fcomments&post=61835"}],"version-history":[{"count":2,"href":"https:\/\/zonaroja.com.mx\/index.php?rest_route=\/wp\/v2\/posts\/61835\/revisions"}],"predecessor-version":[{"id":61840,"href":"https:\/\/zonaroja.com.mx\/index.php?rest_route=\/wp\/v2\/posts\/61835\/revisions\/61840"}],"wp:featuredmedia":[{"embeddable":true,"href":"https:\/\/zonaroja.com.mx\/index.php?rest_route=\/wp\/v2\/media\/61836"}],"wp:attachment":[{"href":"https:\/\/zonaroja.com.mx\/index.php?rest_route=%2Fwp%2Fv2%2Fmedia&parent=61835"}],"wp:term":[{"taxonomy":"category","embeddable":true,"href":"https:\/\/zonaroja.com.mx\/index.php?rest_route=%2Fwp%2Fv2%2Fcategories&post=61835"},{"taxonomy":"post_tag","embeddable":true,"href":"https:\/\/zonaroja.com.mx\/index.php?rest_route=%2Fwp%2Fv2%2Ftags&post=61835"}],"curies":[{"name":"wp","href":"https:\/\/api.w.org\/{rel}","templated":true}]}}