{"id":61841,"date":"2023-11-08T16:00:43","date_gmt":"2023-11-08T22:00:43","guid":{"rendered":"http:\/\/www.zonaroja.com.mx\/?p=61841"},"modified":"2023-11-08T16:00:46","modified_gmt":"2023-11-08T22:00:46","slug":"registra-salina-cruz-cerca-de-40-ejecutados-este-ano-edil-indolente","status":"publish","type":"post","link":"https:\/\/zonaroja.com.mx\/?p=61841","title":{"rendered":"Registra Salina Cruz cerca de 40 ejecutados este a\u00f1o; edil, indolente"},"content":{"rendered":"\n<p>Yuridiana Sosa\/Zona Roja.&nbsp;<\/p>\n\n\n\n<p>Oaxaca de Ju\u00e1rez, Oax., a 8 de noviembre de 2023.- La violencia en el municipio de\u00a0 Salina Cruz sigue en aumento al cierre de este a\u00f1o, con el registro de al menos cinco ejecuciones en lo que va de este mes y otros cuatro en octubre, los cuales se suman a los\u00a027 asesinatos que el Secretariado Ejecutivo del Sistema Nacional de Seguridad P\u00fablica (SESNSP) registr\u00f3 de enero a septiembre.<\/p>\n\n\n\n<p>Muestra de la ola violenta ocurri\u00f3 la ma\u00f1ana de este mi\u00e9rcoles ante la ejecuci\u00f3n con arma de fuego de dos varones, trabajadores de Pemex, mientras transitaban a bordo de un veh\u00edculo tipo Chevy en El Barrio Espinal, de Salina Cruz.<\/p>\n\n\n\n<p>Las v\u00edctimas perdieron la vida en el interior de la unidad y fueron identificados como Francisco J. T. H., de 45 a\u00f1os de edad, y Jos\u00e9 \u00c1. T. H., de 42 a\u00f1os.<\/p>\n\n\n\n<p>De acuerdo con el SESNSP, se han registrado 27 homicidios dolosos en los primeros nueves meses del a\u00f1o, la mayor\u00eda cometidos con el uso de armas de fuego, siendo los meses de agosto y septiembre los m\u00e1s violentos con cinco hechos en cada uno.&nbsp;<\/p>\n\n\n\n<p>Conforme a un recuento hemerogr\u00e0fico, a dicha cifra se suman al menos cuatro asesinato m\u00e1s cometidos durante el mes de octubre y cinco del mes de noviembre, con un total de 36 homicidios dolosos en 2023.&nbsp;<\/p>\n\n\n\n<p>Diversos ataques armados han ocurrido contra taxistas en diversas horas del d\u00eda, mientras que el edil Daniel M\u00e9ndez Sosa, emanado de Morena, enfoca sus esfuerzos en el proselitismo pol\u00edtico en busca de la reelecci\u00f3n de su cargo.&nbsp;<\/p>\n\n\n\n<p>OTROS HECHOS&nbsp;<\/p>\n\n\n\n<p>Tras la doble ejecuci\u00f3n de esta ma\u00f1ana, personal de seguridad p\u00fablica llev\u00f3 a cabo la persecuci\u00f3n de los presuntos agresores, a quienes ubic\u00f3 en un domicilio en la colonia Juquilita.&nbsp;<\/p>\n\n\n\n<p>El hecho caus\u00f3 temor entre la poblaci\u00f3n, pues adem\u00e1s, los polic\u00edas cerraron varias cuadras como medida en caso de un enfrentamiento; de manera extraoficial hay siete personas detenidas.<\/p>\n\n\n\n<p>Por otra parte, la noche del lunes, se registr\u00f3 el ataque armado contra un taxista, en la colonia La Soledad, sin que perdiera la vida.<\/p>\n\n\n\n<p>Mientras que el pasado viernes, otro trabajador del volante en la modalidad de taxi , del sitio \u201cColonia Petrolera\u201d,&nbsp; junto con un ocupante, fue ejecutado a balazos, y nuevamente no se registr\u00f3 la detenci\u00f3n de ninguna persona.&nbsp;<\/p>\n\n\n\n<p>En tanto que reportes policiales indicaron del asesinato a balazos de una persona el pasado jueves.<\/p>\n","protected":false},"excerpt":{"rendered":"<p>Yuridiana Sosa\/Zona Roja.&nbsp; Oaxaca de Ju\u00e1rez, Oax., a 8 de noviembre de 2023.- La violencia&hellip;<\/p>\n","protected":false},"author":2,"featured_media":61842,"comment_status":"closed","ping_status":"open","sticky":false,"template":"","format":"standard","meta":{"_lmt_disableupdate":"","_lmt_disable":"","_jetpack_memberships_contains_paid_content":false,"footnotes":""},"categories":[109,47],"tags":[168],"class_list":["post-61841","post","type-post","status-publish","format-standard","has-post-thumbnail","hentry","category-minuto-a-minuto","category-zona-gris","tag-salina-cruz"],"jetpack_featured_media_url":"https:\/\/zonaroja.com.mx\/wp-content\/uploads\/2023\/11\/Asesinados-Salina-Cruz.jpg","jetpack_sharing_enabled":true,"_links":{"self":[{"href":"https:\/\/zonaroja.com.mx\/index.php?rest_route=\/wp\/v2\/posts\/61841","targetHints":{"allow":["GET"]}}],"collection":[{"href":"https:\/\/zonaroja.com.mx\/index.php?rest_route=\/wp\/v2\/posts"}],"about":[{"href":"https:\/\/zonaroja.com.mx\/index.php?rest_route=\/wp\/v2\/types\/post"}],"author":[{"embeddable":true,"href":"https:\/\/zonaroja.com.mx\/index.php?rest_route=\/wp\/v2\/users\/2"}],"replies":[{"embeddable":true,"href":"https:\/\/zonaroja.com.mx\/index.php?rest_route=%2Fwp%2Fv2%2Fcomments&post=61841"}],"version-history":[{"count":1,"href":"https:\/\/zonaroja.com.mx\/index.php?rest_route=\/wp\/v2\/posts\/61841\/revisions"}],"predecessor-version":[{"id":61843,"href":"https:\/\/zonaroja.com.mx\/index.php?rest_route=\/wp\/v2\/posts\/61841\/revisions\/61843"}],"wp:featuredmedia":[{"embeddable":true,"href":"https:\/\/zonaroja.com.mx\/index.php?rest_route=\/wp\/v2\/media\/61842"}],"wp:attachment":[{"href":"https:\/\/zonaroja.com.mx\/index.php?rest_route=%2Fwp%2Fv2%2Fmedia&parent=61841"}],"wp:term":[{"taxonomy":"category","embeddable":true,"href":"https:\/\/zonaroja.com.mx\/index.php?rest_route=%2Fwp%2Fv2%2Fcategories&post=61841"},{"taxonomy":"post_tag","embeddable":true,"href":"https:\/\/zonaroja.com.mx\/index.php?rest_route=%2Fwp%2Fv2%2Ftags&post=61841"}],"curies":[{"name":"wp","href":"https:\/\/api.w.org\/{rel}","templated":true}]}}