{"id":61844,"date":"2023-11-08T16:07:18","date_gmt":"2023-11-08T22:07:18","guid":{"rendered":"http:\/\/www.zonaroja.com.mx\/?p=61844"},"modified":"2023-11-08T16:07:20","modified_gmt":"2023-11-08T22:07:20","slug":"huracan-otis-un-ciclon-tropical-extraordinario-o-mal-pronosticado","status":"publish","type":"post","link":"https:\/\/zonaroja.com.mx\/?p=61844","title":{"rendered":"Hurac\u00e1n Otis, \u00bfun cicl\u00f3n tropical extraordinario o mal pronosticado?"},"content":{"rendered":"\n<p>Redacci\u00f3n\/Zona Roja Cdmx.<\/p>\n\n\n\n<p>Ciudad de M\u00e9xico, a 8 de noviembre de 2023.- En alrededor de nueve horas el hurac\u00e1n \u201cOtis\u201d evolucion\u00f3 de categor\u00eda 1 a 5 y toc\u00f3 tierra al menos cuatro horas antes de lo que indicaban los pron\u00f3sticos meteorol\u00f3gicos. Sus condiciones at\u00edpicas han llamado la atenci\u00f3n de la comunidad cient\u00edfica, que considera urgente estudiar a mayor profundidad el fen\u00f3meno.<\/p>\n\n\n\n<p>Con los datos disponibles hasta ahora, expertos en ciencias atmosf\u00e9ricas de la Universidad Nacional Aut\u00f3noma de M\u00e9xico (UNAM) concluyen que se trata de un cicl\u00f3n tropical asociado al cambio clim\u00e1tico, pero tambi\u00e9n reconocen que no se pronostic\u00f3 adecuadamente.<\/p>\n\n\n\n<p>\u201cOtis rompe muchos r\u00e9cords\u201d, apunta Jorge Zavala, director del Instituto de Ciencias de la Atm\u00f3sfera y Cambio Clim\u00e1tico.<\/p>\n\n\n\n<p>LAS CONDICIONES<\/p>\n\n\n\n<p>La ma\u00f1ana del 24 de octubre, el Servicio Meteorol\u00f3gico Nacional (SMN) informaba sobre \u201cOtis\u201d:<\/p>\n\n\n\n<p>A las 9:15 horas avis\u00f3 que era una \u00abtormenta tropical\u00bb que se encontraba frente a las costas de Guerrero y Oaxaca.<\/p>\n\n\n\n<p>A las 12:15 horas alert\u00f3 que \u201cOtis\u201d ya era un hurac\u00e1n de categor\u00eda 1. A las 13:15 ya era categor\u00eda 2, a las 15:15 horas su intensidad hab\u00eda subido a categor\u00eda 3 en la escala Saffir-Simpson.<\/p>\n\n\n\n<p>Tres horas despu\u00e9s, a las 18:15 horas, el hurac\u00e1n alcanz\u00f3 la categor\u00eda 4 y, tres horas despu\u00e9s, a las 21:15, el SMN alertaba que hab\u00eda alcanzado la m\u00e1xima intensidad, es decir, la categor\u00eda 5.<\/p>\n\n\n\n<p>\u00abEl hurac\u00e1n se intensific\u00f3 r\u00e1pidamente a categor\u00eda 5\u00bb, indic\u00f3 en su reporte el Servicio Meteorol\u00f3gico Nacional, estatus que mantuvo hasta tocar tierra a las 0:25 horas del 25 de octubre con vientos sostenidos de 270 kil\u00f3metros por hora y rachas de hasta 330 kph.<\/p>\n\n\n\n<p>\u201c\u2018Otis\u00b4 sobre tierra en Acapulco, Guerrero como hurac\u00e1n categor\u00eda 5&#8243;, se le\u00eda en el reporte y, en ese momento, ya arrasaba con este puerto y sus alrededores.<\/p>\n\n\n\n<p>FALT\u00d3 PREVENCI\u00d3N<\/p>\n\n\n\n<p>Para el doctor Zavala, la llegada de \u201cOtis\u201d debi\u00f3 preverse desde un d\u00eda antes, pero fallaron los pron\u00f3sticos por falta de informaci\u00f3n sobre las condiciones atmosf\u00e9ricas y oce\u00e1nicas en las que se desarrollaba el cicl\u00f3n tropical. Tampoco se pudo prever adecuadamente su r\u00e1pida intensificaci\u00f3n.<\/p>\n\n\n\n<p>\u201cLa verdad es que no sabemos exactamente por qu\u00e9 no se pronostic\u00f3 adecuadamente, porque, si hubi\u00e9ramos sabido, lo hubi\u00e9ramos pronosticado adecuadamente\u201d, explica en el programa universitario Ciencia a Distancia.<\/p>\n\n\n\n<p>Hay varias hip\u00f3tesis para lo ocurrido, pero \u00e9l se inclina por aquella que se\u00f1ala las fallas en el pron\u00f3stico.<\/p>\n\n\n\n<p>\u00abEn mi opini\u00f3n, lo m\u00e1s importante es que realmente no conoc\u00edamos el estado en el cual se estaba desarrollando \u00b4Otis\u2019, las condiciones atmosf\u00e9ricas y oce\u00e1nicas. Entonces, a partir de una mala informaci\u00f3n, los modelos num\u00e9ricos que tenemos para pronosticar la evoluci\u00f3n de los ciclones no vieron que hab\u00eda condiciones para que se intensificara\u00bb, menciona.<\/p>\n\n\n\n<p>Otras hip\u00f3tesis consideran que las caracter\u00edsticas de \u201cOtis\u201d fueron tan extremas que los modelos de medici\u00f3n de huracanes no estaban calibrados para detectar la inmensa energ\u00eda que permiti\u00f3 la r\u00e1pida evoluci\u00f3n del cicl\u00f3n. \u201cYo creo que no, yo creo que, m\u00e1s bien, nos falt\u00f3 informaci\u00f3n del estado del oc\u00e9ano y de la atm\u00f3sfera\u201d, reitera.<\/p>\n\n\n\n<p>ESTUDIO DE CICLONES<\/p>\n\n\n\n<p>Hace tiempo que la ciencia busca comprender qu\u00e9 condiciones hacen que un hurac\u00e1n se intensifique r\u00e1pidamente o por qu\u00e9 otros no aumentan su intensidad a pesar de formarse en condiciones similares.<\/p>\n\n\n\n<p>Aunque actualmente se conocen las caracter\u00edsticas generales que favorecen que un hurac\u00e1n alcance la categor\u00eda mayor, todav\u00eda se desconocen muchos detalles de este proceso, explica Zavala.<\/p>\n\n\n\n<p>El estudio de los ciclones considera distintas variables y mediciones, desde el perfil de los vientos, la interacci\u00f3n entre el oc\u00e9ano y la atm\u00f3sfera, la temperatura y evaporaci\u00f3n del agua. Sin embargo, desde que el hurac\u00e1n Katrina impact\u00f3 en Estados Unidos con categor\u00eda 5, se ha planteado la necesidad de conocer mejor la temperatura subsuperficial del mar, no solamente la superficial.<\/p>\n\n\n\n<p>EL \u201cNI\u00d1O\u201d<\/p>\n\n\n\n<p>Pese a la falta de datos, el doctor Zavala expone que la intensificaci\u00f3n r\u00e1pida de Otis se relaciona tambi\u00e9n con una alta temperatura del oc\u00e9ano y una gran capa profunda caliente del mar. \u201cEsto se ve favorecido por la condici\u00f3n del \u00b4Ni\u00f1o\u00b4\u201d, explica.<\/p>\n\n\n\n<p>Se trata de un fen\u00f3meno que produce ondas internas en el Pac\u00edfico ecuatorial, llamadas ondas de Kelvin, que al pasar por las costas mexicanas, debido a su capa caliente, se incrementan y forman grandes remolinos anticicl\u00f3nicos. Algo similar sucedi\u00f3 con el hurac\u00e1n \u201cKatrina\u201d.<\/p>\n\n\n\n<p>Debido a que el planeta tiene una temperatura elevada, el aire caliente puede retener m\u00e1s vapor de agua y esto puede favorecer la intensificaci\u00f3n r\u00e1pida de los huracanes sin que se identifique a tiempo, menciona el experto.<\/p>\n\n\n\n<p>Aunque han existido otros huracanes de categor\u00eda 5, con vientos intensos como los de \u2018Otis\u00b4, no es frecuente que toquen tierra con ese nivel de intensidad y que entren por una ciudad grande y poblada, como ocurri\u00f3 en Acapulco.<\/p>\n\n\n\n<p>\u201cNo s\u00f3lo es la categor\u00eda o la intensidad del hurac\u00e1n, sino estos otros factores los que hacen que haya sido tan destructivo\u201d, subraya.<\/p>\n\n\n\n<p>William Lee Alard\u00edn, coordinador de Investigaci\u00f3n Cient\u00edfica de la UNAM, coincide en que el cambio clim\u00e1tico est\u00e1 aumentando los fen\u00f3menos naturales intensos y esto dificulta la predicci\u00f3n de su evoluci\u00f3n y del tiempo que transcurrir\u00e1 antes de que se forme un nuevo fen\u00f3meno natural.<\/p>\n\n\n\n<p>Para los pr\u00f3ximos a\u00f1os, el reto ser\u00e1 lograr la capacitaci\u00f3n del personal que monitorea, comunica y aplica los protocolos ante ciclones.<\/p>\n\n\n\n<p>La academia tiene un reto tambi\u00e9n y ya busca atenderlo, agrega Benjam\u00edn Mart\u00ednez, investigador del Instituto de Ciencias de la Atm\u00f3sfera y Cambio Clim\u00e1tico.<\/p>\n\n\n\n<p>\u201cAlgo que vamos a hacer, que ya estamos trabajando en ello desde hace un par de d\u00edas, es simular considerando un oc\u00e9ano activo y eso nos dar\u00eda una primera respuesta de si realmente ese acoplamiento entre el oc\u00e9ano y la atm\u00f3sfera fue importante o no\u201d.<\/p>\n\n\n\n<p>(Informaci\u00f3n de \u201cExpansi\u00f3n Pol\u00edtica\u201d)<\/p>\n","protected":false},"excerpt":{"rendered":"<p>Redacci\u00f3n\/Zona Roja Cdmx. Ciudad de M\u00e9xico, a 8 de noviembre de 2023.- En alrededor de&hellip;<\/p>\n","protected":false},"author":2,"featured_media":54935,"comment_status":"closed","ping_status":"open","sticky":false,"template":"","format":"standard","meta":{"_lmt_disableupdate":"","_lmt_disable":"","_jetpack_memberships_contains_paid_content":false,"footnotes":""},"categories":[109,47],"tags":[3713],"class_list":["post-61844","post","type-post","status-publish","format-standard","has-post-thumbnail","hentry","category-minuto-a-minuto","category-zona-gris","tag-huracan-otis"],"jetpack_featured_media_url":"https:\/\/zonaroja.com.mx\/wp-content\/uploads\/2023\/05\/Huracan-ciclon-tropical-lluvias.jpeg","jetpack_sharing_enabled":true,"_links":{"self":[{"href":"https:\/\/zonaroja.com.mx\/index.php?rest_route=\/wp\/v2\/posts\/61844","targetHints":{"allow":["GET"]}}],"collection":[{"href":"https:\/\/zonaroja.com.mx\/index.php?rest_route=\/wp\/v2\/posts"}],"about":[{"href":"https:\/\/zonaroja.com.mx\/index.php?rest_route=\/wp\/v2\/types\/post"}],"author":[{"embeddable":true,"href":"https:\/\/zonaroja.com.mx\/index.php?rest_route=\/wp\/v2\/users\/2"}],"replies":[{"embeddable":true,"href":"https:\/\/zonaroja.com.mx\/index.php?rest_route=%2Fwp%2Fv2%2Fcomments&post=61844"}],"version-history":[{"count":1,"href":"https:\/\/zonaroja.com.mx\/index.php?rest_route=\/wp\/v2\/posts\/61844\/revisions"}],"predecessor-version":[{"id":61845,"href":"https:\/\/zonaroja.com.mx\/index.php?rest_route=\/wp\/v2\/posts\/61844\/revisions\/61845"}],"wp:featuredmedia":[{"embeddable":true,"href":"https:\/\/zonaroja.com.mx\/index.php?rest_route=\/wp\/v2\/media\/54935"}],"wp:attachment":[{"href":"https:\/\/zonaroja.com.mx\/index.php?rest_route=%2Fwp%2Fv2%2Fmedia&parent=61844"}],"wp:term":[{"taxonomy":"category","embeddable":true,"href":"https:\/\/zonaroja.com.mx\/index.php?rest_route=%2Fwp%2Fv2%2Fcategories&post=61844"},{"taxonomy":"post_tag","embeddable":true,"href":"https:\/\/zonaroja.com.mx\/index.php?rest_route=%2Fwp%2Fv2%2Ftags&post=61844"}],"curies":[{"name":"wp","href":"https:\/\/api.w.org\/{rel}","templated":true}]}}