{"id":61846,"date":"2023-11-08T19:10:43","date_gmt":"2023-11-09T01:10:43","guid":{"rendered":"http:\/\/www.zonaroja.com.mx\/?p=61846"},"modified":"2023-11-08T19:10:44","modified_gmt":"2023-11-09T01:10:44","slug":"tras-crimenes-intervienen-fiscalia-y-seguridad-publica-en-salina-cruz-detienen-a-seis","status":"publish","type":"post","link":"https:\/\/zonaroja.com.mx\/?p=61846","title":{"rendered":"Tras cr\u00edmenes, intervienen Fiscal\u00eda y seguridad p\u00fablica en Salina Cruz; detienen a seis"},"content":{"rendered":"\n<p>Redacci\u00f3n\/Zona Roja.<\/p>\n\n\n\n<p>Oaxaca de Ju\u00e1rez, Oax., a 8 de noviembre de 2023.- La Fiscal\u00eda General del Estado de Oaxaca (FGEO) llev\u00f3 a cabo hoy un operativo, a trav\u00e9s de la Agencia Estatal de Investigaciones (AEI), conjuntamente con elementos de Guardia Nacional, Secretar\u00eda de Marina, Polic\u00eda Estatal y Municipal de Salina Cruz, en dicho Puerto, derivado del cual se logr\u00f3 la detenci\u00f3n de seis personas (tres hombres y tres mujeres).<\/p>\n\n\n\n<p>As\u00ed tambi\u00e9n, en el marco de las acciones se logr\u00f3 el aseguramiento de armas largas, cartuchos \u00fatiles y drogas.<\/p>\n\n\n\n<p>Derivado de actos de investigaci\u00f3n que se llevaban a cabo en la localidad perteneciente al Istmo de Tehuantepec, se dio seguimiento a personas que se trasladaban en una motocicleta, portando armas de fuego y ante el supuesto de la comisi\u00f3n de un delito en flagrancia, las autoridades antes mencionadas les dieron alcance en inmediaciones de la colonia Juquilita.<\/p>\n\n\n\n<p>En el lugar, los elementos policiales ingresaron a una vivienda en la que lograron la detenci\u00f3n de tres hombres identificados con las iniciales C. R. R., L. A. R. F. y V. M. L. D., as\u00ed como de las mujeres: M. D. C. C. L., L R. F. y J. R. R.M.<\/p>\n\n\n\n<p>La Fiscal\u00eda de Oaxaca, a trav\u00e9s de la Vicefiscal\u00eda Regional del Istmo lleva a cabo las indagatorias correspondientes de los delitos del fuero com\u00fan, adem\u00e1s de que dar\u00e1 intervenci\u00f3n a la Fiscal\u00eda General de la Rep\u00fablica.<\/p>\n\n\n\n<p>La FGEO refrenda el compromiso de realizar operativos coordinados con autoridades federales, estatales y municipales para garantizar acciones de procuraci\u00f3n de justicia y seguridad en localidades en las que se ha incrementado la incidencia delictiva.<\/p>\n","protected":false},"excerpt":{"rendered":"<p>Redacci\u00f3n\/Zona Roja. Oaxaca de Ju\u00e1rez, Oax., a 8 de noviembre de 2023.- La Fiscal\u00eda General&hellip;<\/p>\n","protected":false},"author":2,"featured_media":61847,"comment_status":"closed","ping_status":"open","sticky":false,"template":"","format":"standard","meta":{"_lmt_disableupdate":"","_lmt_disable":"","_jetpack_memberships_contains_paid_content":false,"footnotes":""},"categories":[109,46],"tags":[494],"class_list":["post-61846","post","type-post","status-publish","format-standard","has-post-thumbnail","hentry","category-minuto-a-minuto","category-zona-blanca","tag-fiscalia-general-del-estado-de-oaxaca"],"jetpack_featured_media_url":"https:\/\/zonaroja.com.mx\/wp-content\/uploads\/2023\/11\/detenidos-Fiscalia-Salina-Cruz.jpg","jetpack_sharing_enabled":true,"_links":{"self":[{"href":"https:\/\/zonaroja.com.mx\/index.php?rest_route=\/wp\/v2\/posts\/61846","targetHints":{"allow":["GET"]}}],"collection":[{"href":"https:\/\/zonaroja.com.mx\/index.php?rest_route=\/wp\/v2\/posts"}],"about":[{"href":"https:\/\/zonaroja.com.mx\/index.php?rest_route=\/wp\/v2\/types\/post"}],"author":[{"embeddable":true,"href":"https:\/\/zonaroja.com.mx\/index.php?rest_route=\/wp\/v2\/users\/2"}],"replies":[{"embeddable":true,"href":"https:\/\/zonaroja.com.mx\/index.php?rest_route=%2Fwp%2Fv2%2Fcomments&post=61846"}],"version-history":[{"count":1,"href":"https:\/\/zonaroja.com.mx\/index.php?rest_route=\/wp\/v2\/posts\/61846\/revisions"}],"predecessor-version":[{"id":61848,"href":"https:\/\/zonaroja.com.mx\/index.php?rest_route=\/wp\/v2\/posts\/61846\/revisions\/61848"}],"wp:featuredmedia":[{"embeddable":true,"href":"https:\/\/zonaroja.com.mx\/index.php?rest_route=\/wp\/v2\/media\/61847"}],"wp:attachment":[{"href":"https:\/\/zonaroja.com.mx\/index.php?rest_route=%2Fwp%2Fv2%2Fmedia&parent=61846"}],"wp:term":[{"taxonomy":"category","embeddable":true,"href":"https:\/\/zonaroja.com.mx\/index.php?rest_route=%2Fwp%2Fv2%2Fcategories&post=61846"},{"taxonomy":"post_tag","embeddable":true,"href":"https:\/\/zonaroja.com.mx\/index.php?rest_route=%2Fwp%2Fv2%2Ftags&post=61846"}],"curies":[{"name":"wp","href":"https:\/\/api.w.org\/{rel}","templated":true}]}}