{"id":61849,"date":"2023-11-08T20:10:15","date_gmt":"2023-11-09T02:10:15","guid":{"rendered":"http:\/\/www.zonaroja.com.mx\/?p=61849"},"modified":"2023-11-08T20:10:17","modified_gmt":"2023-11-09T02:10:17","slug":"ahora-alumnas-de-universidad-la-salle-son-victimas-de-acoso-sexual-y-represalias","status":"publish","type":"post","link":"https:\/\/zonaroja.com.mx\/?p=61849","title":{"rendered":"Ahora alumnas de Universidad La Salle son v\u00edctimas de acoso sexual y represalias"},"content":{"rendered":"\n<p>Yuridiana Sosa\/Zona Roja.<\/p>\n\n\n\n<p>Oaxaca de Ju\u00e1rez, Oax., a 8 de noviembre de 2023.- Los agravios sexuales contra estudiantes contin\u00faan en Oaxaca, donde ahora las v\u00edctimas son alumnas de la Universidad La Salle, que adem\u00e1s denunciaron represalias por exponer su situaci\u00f3n.<\/p>\n\n\n\n<p>Con una manifestaci\u00f3n pac\u00edfica dentro del&nbsp;plantel, la poblaci\u00f3n estudiantil afectada evidenci\u00f3&nbsp; la situaci\u00f3n que vive respecto a los presuntos actos en su contra por parte de las autoridades escolares por denunciar el acoso que han sufrido.<\/p>\n\n\n\n<p>Decenas de cartulinas con reclamos escritos fueron colocadas en oficinas de la Universidad, en la que exhiben un posible encubrimiento hacia los presuntos violentadores&nbsp; por parte de la instituci\u00f3n.<\/p>\n\n\n\n<p>\u00abInvestigas m\u00e1s una protesta que al que acosa\u00bb,&nbsp; \u00abHablar nunca da\u00f1a, el autoritarismo e impunidad si\u00bb, \u00abCu\u00e1l es el prestigio de una escuela que contrata acosadores\u00bb, Sanci\u00f3n grave por protestar, deber\u00eda ser sensaci\u00f3n grave por censurar\u00bb, \u00ab\u00bfSus protocolos y reglamentos est\u00e1n encima de nuestros derechos?\u00bb&nbsp; y \u00abValores lasallistas: encubrir, oprimir, censurar\u00bb, son parte de algunos reclamos que se leen en las pancartas.<\/p>\n\n\n\n<p>Otras m\u00e1s expresan la lucha por la denuncia y la justicia ante estos casos podr\u00eda continuar. \u00abLa dignidad no tiene miedo\u00bb, \u00abFuimos todxs\u00bb, \u00abNo me intimidas\u00bb, \u00abNo nos van a callar\u00bb, \u00abNo se puede callar a toda una generaci\u00f3n que pide un cambio\u00bb.&nbsp;<\/p>\n\n\n\n<p>Los estudiantes tambi\u00e9n indicaron que parte de esta censura la lleva a cabo la coordinaci\u00f3n, esto pese a que la Universidad presume de contar con una unidad especializada en erradicar la violencia de g\u00e9nero.&nbsp;<\/p>\n","protected":false},"excerpt":{"rendered":"<p>Yuridiana Sosa\/Zona Roja. Oaxaca de Ju\u00e1rez, Oax., a 8 de noviembre de 2023.- Los agravios&hellip;<\/p>\n","protected":false},"author":2,"featured_media":61851,"comment_status":"closed","ping_status":"open","sticky":false,"template":"","format":"standard","meta":{"_lmt_disableupdate":"","_lmt_disable":"","_jetpack_memberships_contains_paid_content":false,"footnotes":""},"categories":[109,47],"tags":[2013],"class_list":["post-61849","post","type-post","status-publish","format-standard","has-post-thumbnail","hentry","category-minuto-a-minuto","category-zona-gris","tag-universidad-la-salle-oaxaca"],"jetpack_featured_media_url":"https:\/\/zonaroja.com.mx\/wp-content\/uploads\/2023\/11\/Acoso-sexual-Universidad-La-Salle-Oaxca.jpg","jetpack_sharing_enabled":true,"_links":{"self":[{"href":"https:\/\/zonaroja.com.mx\/index.php?rest_route=\/wp\/v2\/posts\/61849","targetHints":{"allow":["GET"]}}],"collection":[{"href":"https:\/\/zonaroja.com.mx\/index.php?rest_route=\/wp\/v2\/posts"}],"about":[{"href":"https:\/\/zonaroja.com.mx\/index.php?rest_route=\/wp\/v2\/types\/post"}],"author":[{"embeddable":true,"href":"https:\/\/zonaroja.com.mx\/index.php?rest_route=\/wp\/v2\/users\/2"}],"replies":[{"embeddable":true,"href":"https:\/\/zonaroja.com.mx\/index.php?rest_route=%2Fwp%2Fv2%2Fcomments&post=61849"}],"version-history":[{"count":1,"href":"https:\/\/zonaroja.com.mx\/index.php?rest_route=\/wp\/v2\/posts\/61849\/revisions"}],"predecessor-version":[{"id":61852,"href":"https:\/\/zonaroja.com.mx\/index.php?rest_route=\/wp\/v2\/posts\/61849\/revisions\/61852"}],"wp:featuredmedia":[{"embeddable":true,"href":"https:\/\/zonaroja.com.mx\/index.php?rest_route=\/wp\/v2\/media\/61851"}],"wp:attachment":[{"href":"https:\/\/zonaroja.com.mx\/index.php?rest_route=%2Fwp%2Fv2%2Fmedia&parent=61849"}],"wp:term":[{"taxonomy":"category","embeddable":true,"href":"https:\/\/zonaroja.com.mx\/index.php?rest_route=%2Fwp%2Fv2%2Fcategories&post=61849"},{"taxonomy":"post_tag","embeddable":true,"href":"https:\/\/zonaroja.com.mx\/index.php?rest_route=%2Fwp%2Fv2%2Ftags&post=61849"}],"curies":[{"name":"wp","href":"https:\/\/api.w.org\/{rel}","templated":true}]}}