{"id":61853,"date":"2023-11-08T20:59:16","date_gmt":"2023-11-09T02:59:16","guid":{"rendered":"http:\/\/www.zonaroja.com.mx\/?p=61853"},"modified":"2023-11-08T20:59:18","modified_gmt":"2023-11-09T02:59:18","slug":"caso-monica-de-cocitei-marca-precedente-para-no-repeticion-de-despidos-por-ser-mama-a-c","status":"publish","type":"post","link":"https:\/\/zonaroja.com.mx\/?p=61853","title":{"rendered":"Caso M\u00f3nica de Cocitei marca precedente para no repetici\u00f3n de despidos por ser mam\u00e1: A.C."},"content":{"rendered":"\n<p>Yuridiana Sosa\/Zona Roja.<\/p>\n\n\n\n<p>Oaxaca de Ju\u00e1rez, Oax., a 8 de noviembre de 2023.- La denuncia p\u00fablica de M\u00f3nica Guadalupe Mar\u00edn Hern\u00e1ndez, despedida del Consejo Estatal de Ciencia y Tecnolog\u00eda e Innovaci\u00f3n (Cocitei) del Gobierno de Oaxaca por embarazarse y convertirse en madre, marca un precedente para ninguna mujer vuelva a ser discriminada y violentada por esa misma raz\u00f3n, se\u00f1alaron representantes de la asociaci\u00f3n civil \u00abLa vida por delante\u00bb.<\/p>\n\n\n\n<p>Las integrantes de la asociaci\u00f3n nacional indicaron que es momento de visibilizar esa parte de la realidad a la que se enfrentan cientos de mujeres en M\u00e9xico y de la que Oaxaca no es excepci\u00f3n, donde hasta una funcionaria del gobierno result\u00f3 afectada.<\/p>\n\n\n\n<p>Tras lamentar el hecho, las mujeres apuntaron que el caso de M\u00f3nica servir\u00e1 para que m\u00e1s mujeres en la entidad que han sido amenazadas en el \u00e1mbito laboral para dejar sus empleos se atrevan a romper el silencio sobre las acciones en su contra s\u00f3lo por convertirse en madres.<\/p>\n\n\n\n<p>Durante la presentaci\u00f3n de la campa\u00f1a \u201cVale la pena ser mam\u00e1\u201d, Ana Bel\u00e9n Su\u00e1rez, Victoria T\u00e9llez y Paulina Mendieta, apuntaron que parte de esta jornada tiene que ver en impulsar que se realizan pol\u00edticas p\u00fablicas para respaldar a las mujeres embarazadas o que se convirtieron en mam\u00e1s, pero que enfrentan situaciones complicadas para salir adelante.<\/p>\n\n\n\n<p>En ese sentido, refirieron que toda mujer tiene derecho a sentir la libertad de expresar en su trabajo o escuela que est\u00e1 embarazada, sin miedo a consecuencias.<\/p>\n\n\n\n<p>Resaltaron que es importante que sean las propias instituciones gubernamentales las primeras en respaldar a una mujer embarazada.<\/p>\n\n\n\n<p>RESPALDO DE JARA<\/p>\n\n\n\n<p>Sobre el caso de M\u00f3nica Guadalupe, el gobernador de Oaxaca, Salom\u00f3n Jara, expres\u00f3 su respaldo para la afectada, a quien desde la Secretar\u00eda de Gobierno se buscar\u00e1n las condiciones para su reinstalaci\u00f3n.<\/p>\n\n\n\n<p>Mar\u00edn Hern\u00e1ndez fue designada en enero como directora de Planeaci\u00f3n y Vinculaci\u00f3n del Cocitei, tras su apoyo en campa\u00f1a de Jara Cruz, sin embargo, desde la direcci\u00f3n general a cargo de Xhunaxhi Fernanda Mau G\u00f3mez se aprob\u00f3 su despido tras solicitar su licencia por maternidad.<\/p>\n\n\n\n<p>La funcionaria no logr\u00f3 regresar a su puesto de trabajo, y en sus intentos tambi\u00e9n fue violentada con la retenci\u00f3n de su salario para obligarla a renunciar, as\u00ed como por extraer leche para su beb\u00e9.<\/p>\n\n\n\n<p>En conferencia matutina de este martes, el mandatario manifest\u00f3 su desacuerdo y expres\u00f3 que \u00abuna mujer tiene derecho a tener una familia..no puede ser despedida por este tipo de causas\u201d.<\/p>\n","protected":false},"excerpt":{"rendered":"<p>Yuridiana Sosa\/Zona Roja. Oaxaca de Ju\u00e1rez, Oax., a 8 de noviembre de 2023.- La denuncia&hellip;<\/p>\n","protected":false},"author":2,"featured_media":61856,"comment_status":"closed","ping_status":"open","sticky":false,"template":"","format":"standard","meta":{"_lmt_disableupdate":"","_lmt_disable":"","_jetpack_memberships_contains_paid_content":false,"footnotes":""},"categories":[109,47],"tags":[3723],"class_list":["post-61853","post","type-post","status-publish","format-standard","has-post-thumbnail","hentry","category-minuto-a-minuto","category-zona-gris","tag-monica-guadalupe-marin-hernandez"],"jetpack_featured_media_url":"https:\/\/zonaroja.com.mx\/wp-content\/uploads\/2023\/11\/Monica-Guadalupe-Marin-Cocitei.jpg","jetpack_sharing_enabled":true,"_links":{"self":[{"href":"https:\/\/zonaroja.com.mx\/index.php?rest_route=\/wp\/v2\/posts\/61853","targetHints":{"allow":["GET"]}}],"collection":[{"href":"https:\/\/zonaroja.com.mx\/index.php?rest_route=\/wp\/v2\/posts"}],"about":[{"href":"https:\/\/zonaroja.com.mx\/index.php?rest_route=\/wp\/v2\/types\/post"}],"author":[{"embeddable":true,"href":"https:\/\/zonaroja.com.mx\/index.php?rest_route=\/wp\/v2\/users\/2"}],"replies":[{"embeddable":true,"href":"https:\/\/zonaroja.com.mx\/index.php?rest_route=%2Fwp%2Fv2%2Fcomments&post=61853"}],"version-history":[{"count":1,"href":"https:\/\/zonaroja.com.mx\/index.php?rest_route=\/wp\/v2\/posts\/61853\/revisions"}],"predecessor-version":[{"id":61857,"href":"https:\/\/zonaroja.com.mx\/index.php?rest_route=\/wp\/v2\/posts\/61853\/revisions\/61857"}],"wp:featuredmedia":[{"embeddable":true,"href":"https:\/\/zonaroja.com.mx\/index.php?rest_route=\/wp\/v2\/media\/61856"}],"wp:attachment":[{"href":"https:\/\/zonaroja.com.mx\/index.php?rest_route=%2Fwp%2Fv2%2Fmedia&parent=61853"}],"wp:term":[{"taxonomy":"category","embeddable":true,"href":"https:\/\/zonaroja.com.mx\/index.php?rest_route=%2Fwp%2Fv2%2Fcategories&post=61853"},{"taxonomy":"post_tag","embeddable":true,"href":"https:\/\/zonaroja.com.mx\/index.php?rest_route=%2Fwp%2Fv2%2Ftags&post=61853"}],"curies":[{"name":"wp","href":"https:\/\/api.w.org\/{rel}","templated":true}]}}