{"id":61860,"date":"2023-11-08T21:59:55","date_gmt":"2023-11-09T03:59:55","guid":{"rendered":"http:\/\/www.zonaroja.com.mx\/?p=61860"},"modified":"2023-11-08T21:59:56","modified_gmt":"2023-11-09T03:59:56","slug":"tras-parranda-sujeto-mata-a-su-companero-de-cuarto-en-santa-lucia-del-camino","status":"publish","type":"post","link":"https:\/\/zonaroja.com.mx\/?p=61860","title":{"rendered":"Tras parranda, sujeto mata a su compa\u00f1ero de cuarto en Santa Luc\u00eda del Camino"},"content":{"rendered":"\n<p>Redacci\u00f3n\/Zona Roja.<\/p>\n\n\n\n<p>Oaxaca de Ju\u00e1rez, Oax., a 8 de noviembre de 2023.- Luego de ingerir bebidas embriagantes y tras una presunta ri\u00f1a, un individuo asesin\u00f3 a su compa\u00f1ero de cuarto en un domicilio de Santa Luc\u00eda del Camino, municipio conurbado a la capital de Oaxaca.<\/p>\n\n\n\n<p>El hecho sucedi\u00f3 la madrugada de este jueves pero fue por la ma\u00f1ana en que la casera se dio cuenta de las manchas hem\u00e1ticas en la puerta y entrada del cuarto de renta, por lo cual dio aviso a la polic\u00eda.<\/p>\n\n\n\n<p>Uniformados arribaron al domicilio ubicado en la calle Lago de Zumpango de la colonia El Baj\u00edo, donde corroboraron la existencia de un cuerpo sin vida, por lo cual dieron aviso a la Fiscal\u00eda General del Estado.<\/p>\n\n\n\n<p>De acuerdo con los informes preliminares, ambos sujetos estuvieron libando durante la noche y fue en la madrugada en que se suscit\u00f3 la probable ri\u00f1a, que deriv\u00f3 en el homicida; el presunto agresor logr\u00f3 huir del lugar.<\/p>\n\n\n\n<p>MATA A SU HIJO<\/p>\n\n\n\n<p>Por otra parte, en el municipio de San Jorge Nuchita, regi\u00f3n Mixteca, un padre de familia, en probable estado de ebriedad y probable influjo de drogas, asesin\u00f3 a su hijo, de 19 a\u00f1os de edad.<\/p>\n\n\n\n<p>El crimen se perpetr\u00f3 la madrugada de ayer mi\u00e9rcoles en un domicilio ubicado en la avenida L\u00e1zaro C\u00e1rdenas; tras la denuncia de los vecinos al escuchar los disparos, acudieron los polic\u00edas.<\/p>\n\n\n\n<p>En el sitio hallaron a la v\u00edctima, identificada de manera preliminar como Cristo Salvador V. T., mientras que el probable homicida, Lorenzo V. R., de 49 a\u00f1os de edad, fue detenido y entregado a la autoridad ministerial.<\/p>\n","protected":false},"excerpt":{"rendered":"<p>Redacci\u00f3n\/Zona Roja. Oaxaca de Ju\u00e1rez, Oax., a 8 de noviembre de 2023.- Luego de ingerir&hellip;<\/p>\n","protected":false},"author":2,"featured_media":61861,"comment_status":"closed","ping_status":"open","sticky":false,"template":"","format":"standard","meta":{"_lmt_disableupdate":"","_lmt_disable":"","_jetpack_memberships_contains_paid_content":false,"footnotes":""},"categories":[109,51],"tags":[337],"class_list":["post-61860","post","type-post","status-publish","format-standard","has-post-thumbnail","hentry","category-minuto-a-minuto","category-zona-roja","tag-santa-lucia-del-camino"],"jetpack_featured_media_url":"https:\/\/zonaroja.com.mx\/wp-content\/uploads\/2023\/11\/Asesinado-Santa-Lucia-del-Camino.jpg","jetpack_sharing_enabled":true,"_links":{"self":[{"href":"https:\/\/zonaroja.com.mx\/index.php?rest_route=\/wp\/v2\/posts\/61860","targetHints":{"allow":["GET"]}}],"collection":[{"href":"https:\/\/zonaroja.com.mx\/index.php?rest_route=\/wp\/v2\/posts"}],"about":[{"href":"https:\/\/zonaroja.com.mx\/index.php?rest_route=\/wp\/v2\/types\/post"}],"author":[{"embeddable":true,"href":"https:\/\/zonaroja.com.mx\/index.php?rest_route=\/wp\/v2\/users\/2"}],"replies":[{"embeddable":true,"href":"https:\/\/zonaroja.com.mx\/index.php?rest_route=%2Fwp%2Fv2%2Fcomments&post=61860"}],"version-history":[{"count":1,"href":"https:\/\/zonaroja.com.mx\/index.php?rest_route=\/wp\/v2\/posts\/61860\/revisions"}],"predecessor-version":[{"id":61862,"href":"https:\/\/zonaroja.com.mx\/index.php?rest_route=\/wp\/v2\/posts\/61860\/revisions\/61862"}],"wp:featuredmedia":[{"embeddable":true,"href":"https:\/\/zonaroja.com.mx\/index.php?rest_route=\/wp\/v2\/media\/61861"}],"wp:attachment":[{"href":"https:\/\/zonaroja.com.mx\/index.php?rest_route=%2Fwp%2Fv2%2Fmedia&parent=61860"}],"wp:term":[{"taxonomy":"category","embeddable":true,"href":"https:\/\/zonaroja.com.mx\/index.php?rest_route=%2Fwp%2Fv2%2Fcategories&post=61860"},{"taxonomy":"post_tag","embeddable":true,"href":"https:\/\/zonaroja.com.mx\/index.php?rest_route=%2Fwp%2Fv2%2Ftags&post=61860"}],"curies":[{"name":"wp","href":"https:\/\/api.w.org\/{rel}","templated":true}]}}