{"id":61865,"date":"2023-11-09T08:30:00","date_gmt":"2023-11-09T14:30:00","guid":{"rendered":"http:\/\/www.zonaroja.com.mx\/?p=61865"},"modified":"2023-11-09T07:07:34","modified_gmt":"2023-11-09T13:07:34","slug":"lleva-el-inpi-apoyos-a-los-damnificados-del-huracan-en-guerrero","status":"publish","type":"post","link":"https:\/\/zonaroja.com.mx\/?p=61865","title":{"rendered":"Lleva el INPI apoyos a los damnificados del hurac\u00e1n en Guerrero"},"content":{"rendered":"\n<p>Redacci\u00f3n\/Zona Roja Cdmx.<\/p>\n\n\n\n<p>Ciudad de M\u00e9xico, a 9 de noviembre de 2023.- Para enfrentar las adversidades y fen\u00f3menos naturales provocados por los efectos del cambio clim\u00e1tico, es necesario recuperar la organizaci\u00f3n social comunitaria de los pueblos y comunidades, porque lamentablemente enfrentamos tiempos donde imperan actitudes como el ego\u00edsmo y el individualismo, expres\u00f3 el director general del Instituto Nacional de los Pueblos Ind\u00edgenas (INPI), Adelfo Regino Montes.<\/p>\n\n\n\n<p>Durante un recorrido por zonas devastadas por el hurac\u00e1n \u201cOtis\u201d en la parte alta del puerto de Acapulco, Guerrero, destac\u00f3 que en los pueblos y comunidades ind\u00edgenas y afromexicanas la cultura de solidaridad y fraternidad entre hermanas y hermanos sigue vigente, mientras que en las grandes ciudades en muchas ocasiones no se conocen ni entre vecinos.<\/p>\n\n\n\n<p>Al supervisar la entrega de paquetes alimentarios y agua potable en la colonia Hermenegildo Galeana \u2013una de las m\u00e1s afectadas por los efectos del hurac\u00e1n que impact\u00f3 el pasado mi\u00e9rcoles 25 de octubre con categor\u00eda 5\u2013, propuso a las familias damnificadas que viven de las artesan\u00edas, integrar esta misma semana un censo para entregarles apoyos econ\u00f3micos que les permita levantar sus negocios.<\/p>\n\n\n\n<p>En esta colonia de dif\u00edcil acceso, que ahora se vuelve m\u00e1s complicado por la gran cantidad de escombros en las calles, se entregaron mil paquetes con alimentos, productos de limpieza e higiene personal, por unas cinco toneladas, as\u00ed como 1.6 toneladas de agua potable envasada, en beneficio de unas mil familias nahuas originarias en su mayor\u00eda del Alto Balsas, as\u00ed como de los pueblos mixteco, amuzgo y afromexicano.<\/p>\n\n\n\n<figure class=\"wp-block-image size-full\"><a href=\"http:\/\/www.zonaroja.com.mx\/wp-content\/uploads\/2023\/11\/INPI-Guerrero.jpeg\" data-rel=\"penci-gallery-image-content\" ><img decoding=\"async\" width=\"800\" height=\"533\" src=\"http:\/\/www.zonaroja.com.mx\/wp-content\/uploads\/2023\/11\/INPI-Guerrero.jpeg\" alt=\"\" class=\"wp-image-61870\" srcset=\"https:\/\/zonaroja.com.mx\/wp-content\/uploads\/2023\/11\/INPI-Guerrero.jpeg 800w, https:\/\/zonaroja.com.mx\/wp-content\/uploads\/2023\/11\/INPI-Guerrero-300x200.jpeg 300w, https:\/\/zonaroja.com.mx\/wp-content\/uploads\/2023\/11\/INPI-Guerrero-768x512.jpeg 768w, https:\/\/zonaroja.com.mx\/wp-content\/uploads\/2023\/11\/INPI-Guerrero-585x390.jpeg 585w, https:\/\/zonaroja.com.mx\/wp-content\/uploads\/2023\/11\/INPI-Guerrero-263x175.jpeg 263w\" sizes=\"(max-width: 800px) 100vw, 800px\" \/><\/a><\/figure>\n\n\n\n<p>El secretario para el Desarrollo de las Comunidades y Pueblos Ind\u00edgenas y Afromexicano del Gobierno del Estado de Guerrero, P\u00e1nfilo S\u00e1nchez Almaz\u00e1n, acord\u00f3 participar en la integraci\u00f3n del censo de artesanas y artesanos conjuntamente con la coordinadora general de Transversalidad y Operaci\u00f3n Regional del INPI, Bertha Dimas Huacuz y el titular de la Oficina de Representaci\u00f3n de la entidad, Manuel V\u00e1squez Quintero.<\/p>\n\n\n\n<p>Por tal motivo, este mi\u00e9rcoles 8 de noviembre se llevar\u00e1 a cabo una asamblea con la asistencia de las familias afectadas por el fen\u00f3meno, con el objetivo de integrar el padr\u00f3n de personas beneficiarias y poder agilizar la entrega de apoyos.<\/p>\n\n\n\n<p>Con absoluto orden y organizaci\u00f3n, las personas adultas mayores, mujeres, hombres, ni\u00f1as y ni\u00f1os \u2013que dejaron sus comunidades de origen para trabajar en el destino tur\u00edstico de Acapulco\u2013, acudieron a la entrega de v\u00edveres y agua potable que fueron acopiados en las Oficinas de Representaci\u00f3n y Centros Coordinadores de Pueblos Ind\u00edgenas (CCPI) del INPI.<\/p>\n\n\n\n<p>Los padres de familia reconocieron el compromiso del presidente Andr\u00e9s Manuel L\u00f3pez Obrador con los pueblos ind\u00edgenas y afromexicano desde el inicio de su gobierno y manifestaron que desde que los golpe\u00f3 el hurac\u00e1n \u201cOtis\u201d ning\u00fan funcionario de gobierno los hab\u00eda visitado y atendido.<\/p>\n","protected":false},"excerpt":{"rendered":"<p>Redacci\u00f3n\/Zona Roja Cdmx. Ciudad de M\u00e9xico, a 9 de noviembre de 2023.- Para enfrentar las&hellip;<\/p>\n","protected":false},"author":2,"featured_media":61868,"comment_status":"closed","ping_status":"open","sticky":false,"template":"","format":"standard","meta":{"_lmt_disableupdate":"","_lmt_disable":"","_jetpack_memberships_contains_paid_content":false,"footnotes":""},"categories":[109,46],"tags":[557,3683],"class_list":["post-61865","post","type-post","status-publish","format-standard","has-post-thumbnail","hentry","category-minuto-a-minuto","category-zona-blanca","tag-adelfo-regino-montes","tag-instituto-nacional-de-pueblos-indigenas-inpi"],"jetpack_featured_media_url":"https:\/\/zonaroja.com.mx\/wp-content\/uploads\/2023\/11\/Adelfo-Regino-INPI-Guerrero.jpeg","jetpack_sharing_enabled":true,"_links":{"self":[{"href":"https:\/\/zonaroja.com.mx\/index.php?rest_route=\/wp\/v2\/posts\/61865","targetHints":{"allow":["GET"]}}],"collection":[{"href":"https:\/\/zonaroja.com.mx\/index.php?rest_route=\/wp\/v2\/posts"}],"about":[{"href":"https:\/\/zonaroja.com.mx\/index.php?rest_route=\/wp\/v2\/types\/post"}],"author":[{"embeddable":true,"href":"https:\/\/zonaroja.com.mx\/index.php?rest_route=\/wp\/v2\/users\/2"}],"replies":[{"embeddable":true,"href":"https:\/\/zonaroja.com.mx\/index.php?rest_route=%2Fwp%2Fv2%2Fcomments&post=61865"}],"version-history":[{"count":2,"href":"https:\/\/zonaroja.com.mx\/index.php?rest_route=\/wp\/v2\/posts\/61865\/revisions"}],"predecessor-version":[{"id":61872,"href":"https:\/\/zonaroja.com.mx\/index.php?rest_route=\/wp\/v2\/posts\/61865\/revisions\/61872"}],"wp:featuredmedia":[{"embeddable":true,"href":"https:\/\/zonaroja.com.mx\/index.php?rest_route=\/wp\/v2\/media\/61868"}],"wp:attachment":[{"href":"https:\/\/zonaroja.com.mx\/index.php?rest_route=%2Fwp%2Fv2%2Fmedia&parent=61865"}],"wp:term":[{"taxonomy":"category","embeddable":true,"href":"https:\/\/zonaroja.com.mx\/index.php?rest_route=%2Fwp%2Fv2%2Fcategories&post=61865"},{"taxonomy":"post_tag","embeddable":true,"href":"https:\/\/zonaroja.com.mx\/index.php?rest_route=%2Fwp%2Fv2%2Ftags&post=61865"}],"curies":[{"name":"wp","href":"https:\/\/api.w.org\/{rel}","templated":true}]}}