{"id":61876,"date":"2023-11-09T10:29:00","date_gmt":"2023-11-09T16:29:00","guid":{"rendered":"http:\/\/www.zonaroja.com.mx\/?p=61876"},"modified":"2023-11-09T07:30:53","modified_gmt":"2023-11-09T13:30:53","slug":"presentan-en-oaxaca-la-campana-vale-la-pena-ser-mama","status":"publish","type":"post","link":"https:\/\/zonaroja.com.mx\/?p=61876","title":{"rendered":"Presentan en Oaxaca la campa\u00f1a \u201cVale la pena ser mam\u00e1\u201d"},"content":{"rendered":"\n<p>Redacci\u00f3n\/Zona Roja.<\/p>\n\n\n\n<p>Oaxaca de Ju\u00e1rez, Oax., a 9 de noviembre de 2023.- Con el prop\u00f3sito de enaltecer el valor de la maternidad, la asociaci\u00f3n civil \u201cLa vida por delante\u201d, present\u00f3 en Oaxaca la campa\u00f1a \u201cVale la pena ser mam\u00e1\u201d.<\/p>\n\n\n\n<p>En conferencia de prensa en la capital, las voceras dieron a conocer que, de acuerdo con datos del Gobierno del Estado, de enero a marzo de 2023, se registraron 29 mil 661 nacimientos en las ocho regiones de Oaxaca.&nbsp;<\/p>\n\n\n\n<p>Con lo que se demuestra que en el estado el valor de ser mam\u00e1 se celebra en la entidad, y es un tema importante para el desarrollo de la sociedad.<\/p>\n\n\n\n<p>\u201cBuscamos enaltecer la maternidad, que deje de ser atacada adem\u00e1s de ser el veh\u00edculo que transporte una red de apoyo para las mujeres: albergue, m\u00e9dico, legal, v\u00ednculaci\u00f3n para capacitaci\u00f3n y bolsa de trabajo y psicol\u00f3gico, entre otros\u201d, afirm\u00f3 Paulina Mendieta, mam\u00e1 soltera y vocera del movimiento.<\/p>\n\n\n\n<p>Seg\u00fan el estudio realizado en \u201cLa Vida por Delante\u201d, en Oaxaca, 60% de las mujeres encuestadas tienen una opini\u00f3n positiva sobre la maternidad, cifras que coinciden con la autopercepci\u00f3n que tienen las mujeres a mediano (cinco a\u00f1os) y largo plazo (10 a\u00f1os) de convertirse en madres.&nbsp;<\/p>\n\n\n\n<p>El 10% de las encuestadas se\u00f1alan que se visualizan ser madres dentro de cinco a\u00f1os, en tanto que el 39% aseguran que ser\u00e1n madres de m\u00e1s de 2 hijos dentro de 10 a\u00f1os.<\/p>\n\n\n\n<p>\u201cActualmente la maternidad es muy atacada y nos venden la idea de que es horrible y es intimidante, todo lo contrario, las mujeres tenemos la capacidad para sacar adelante a nuestros hijos. As\u00ed que, si t\u00fa est\u00e1s frente a un embarazo inesperado, que no se te olvide que, las mejores cosas de la vida no est\u00e1n planeadas\u2026\u201d resalt\u00f3 Paulina Mendieta.<\/p>\n\n\n\n<p>Por su parte Victoria T\u00e9llez, tambi\u00e9n vocera de la \u201cLa vida por delante\u201d, dijo a todas aquellas mujeres que est\u00e1n ante un embarazo inesperado o que ya son mam\u00e1s, \u201clas mujeres somos fuertes capaces de realizar muchas cosas. Con el tiempo ver\u00e1n que su coraz\u00f3n ten\u00eda raz\u00f3n, cuando esa nueva vida celebre y comparta contigo todos tus logros, haci\u00e9ndote sentir plena\u201d, expres\u00f3.<\/p>\n\n\n\n<p>\u201c\u2018La vida por delante\u2019 est\u00e1 dirigido a todas las mujeres que se encuentran<\/p>\n\n\n\n<p>embarazadas, decirles que no est\u00e1n solas, que est\u00e9n felices porque cuentan con el respaldo para celebrar la vida y sobre todo, sentirse empoderadas por ser madres, as\u00ed como a toda la sociedad en general para que reconozcamos y apoyemos el valor de la maternidad.<\/p>\n\n\n\n<p>\u201cLa maternidad no es s\u00f3lo ser madre, es sentir lo que se puede hacer por los dem\u00e1s. La maternidad es la oportunidad de poder ayudar, la oportunidad de poder cumplir los sue\u00f1os de los hijos que est\u00e1n buscando su realizaci\u00f3n\u201d, finaliz\u00f3 Ana Bel\u00e9n, igualmente vocera del movimiento.<\/p>\n","protected":false},"excerpt":{"rendered":"<p>Redacci\u00f3n\/Zona Roja. Oaxaca de Ju\u00e1rez, Oax., a 9 de noviembre de 2023.- Con el prop\u00f3sito&hellip;<\/p>\n","protected":false},"author":2,"featured_media":61855,"comment_status":"closed","ping_status":"open","sticky":false,"template":"","format":"standard","meta":{"_lmt_disableupdate":"","_lmt_disable":"","_jetpack_memberships_contains_paid_content":false,"footnotes":""},"categories":[109,46],"tags":[3726],"class_list":["post-61876","post","type-post","status-publish","format-standard","has-post-thumbnail","hentry","category-minuto-a-minuto","category-zona-blanca","tag-la-vida-por-delante"],"jetpack_featured_media_url":"https:\/\/zonaroja.com.mx\/wp-content\/uploads\/2023\/11\/Conferencia-de-prensa-vale-la-pena-ser-mama.jpg","jetpack_sharing_enabled":true,"_links":{"self":[{"href":"https:\/\/zonaroja.com.mx\/index.php?rest_route=\/wp\/v2\/posts\/61876","targetHints":{"allow":["GET"]}}],"collection":[{"href":"https:\/\/zonaroja.com.mx\/index.php?rest_route=\/wp\/v2\/posts"}],"about":[{"href":"https:\/\/zonaroja.com.mx\/index.php?rest_route=\/wp\/v2\/types\/post"}],"author":[{"embeddable":true,"href":"https:\/\/zonaroja.com.mx\/index.php?rest_route=\/wp\/v2\/users\/2"}],"replies":[{"embeddable":true,"href":"https:\/\/zonaroja.com.mx\/index.php?rest_route=%2Fwp%2Fv2%2Fcomments&post=61876"}],"version-history":[{"count":1,"href":"https:\/\/zonaroja.com.mx\/index.php?rest_route=\/wp\/v2\/posts\/61876\/revisions"}],"predecessor-version":[{"id":61877,"href":"https:\/\/zonaroja.com.mx\/index.php?rest_route=\/wp\/v2\/posts\/61876\/revisions\/61877"}],"wp:featuredmedia":[{"embeddable":true,"href":"https:\/\/zonaroja.com.mx\/index.php?rest_route=\/wp\/v2\/media\/61855"}],"wp:attachment":[{"href":"https:\/\/zonaroja.com.mx\/index.php?rest_route=%2Fwp%2Fv2%2Fmedia&parent=61876"}],"wp:term":[{"taxonomy":"category","embeddable":true,"href":"https:\/\/zonaroja.com.mx\/index.php?rest_route=%2Fwp%2Fv2%2Fcategories&post=61876"},{"taxonomy":"post_tag","embeddable":true,"href":"https:\/\/zonaroja.com.mx\/index.php?rest_route=%2Fwp%2Fv2%2Ftags&post=61876"}],"curies":[{"name":"wp","href":"https:\/\/api.w.org\/{rel}","templated":true}]}}