{"id":61878,"date":"2023-11-10T07:28:00","date_gmt":"2023-11-10T13:28:00","guid":{"rendered":"http:\/\/www.zonaroja.com.mx\/?p=61878"},"modified":"2023-11-10T07:15:52","modified_gmt":"2023-11-10T13:15:52","slug":"prohiben-publicidad-de-alimentos-y-bebidas-chatarra-en-escuelas-y-cerca-de-ellas","status":"publish","type":"post","link":"https:\/\/zonaroja.com.mx\/?p=61878","title":{"rendered":"Prohiben publicidad de alimentos y bebidas \u201cchatarra\u201d en escuelas y cerca de ellas"},"content":{"rendered":"\n<p>Redacci\u00f3n\/Zona Roja Cdmx.<\/p>\n\n\n\n<p>Ciudad de M\u00e9xico, a 9 de noviembre de 2023.- El Senado de la Rep\u00fablica aprob\u00f3 una reforma a la Ley General de Educaci\u00f3n con la que se establece&nbsp;la prohibici\u00f3n de colocar publicidad de alimentos y bebidas con bajo valor nutricional dentro de los planteles escolares y sus inmediaciones.<\/p>\n\n\n\n<p>Quienes ejerzan los cargos directivos y las autoridades escolares, ser\u00e1n los responsables de la aplicaci\u00f3n y vigilancia de estas disposiciones, junto con la autoridad sanitaria, y estar\u00e1n a cargo de sancionar en el \u00e1mbito de sus competencias su incumplimiento.<\/p>\n\n\n\n<p>De acuerdo con los senadores, m\u00e1s de 24 millones de menores de edad se encuentran expuestos a alimentos con bajo valor nutricional que se venden en los planteles educativos. Por ello la necesidad de establecer estas medidas.<\/p>\n\n\n\n<p>El dictamen aprobado se remiti\u00f3 al Ejecutivo federal para su publicaci\u00f3n en el Diario Oficial de la Federaci\u00f3n (DOF), y a partir de su entrada en vigor.<\/p>\n\n\n\n<p>Adem\u00e1s, con esta reforma se propone que la Secretar\u00eda de Educaci\u00f3n P\u00fablica (SEP) establezca los criterios para la preparaci\u00f3n, distribuci\u00f3n y venta de los alimentos y bebidas preparadas, procesadas y a granel, dentro de las instituciones educativas.<\/p>\n\n\n\n<p>Para la elaboraci\u00f3n de dichos alimentos, se cumplir\u00e1n las reglas nutrimentales que determine la Secretar\u00eda de Salud, mismas que deber\u00e1n evaluarse y actualizarse al menos cada cinco a\u00f1os.<\/p>\n\n\n\n<p>En lo relativo a las cooperativas, se propuso que deber\u00e1n funcionar con la participaci\u00f3n de la comunidad educativa, a fin de fomentar estilos de vida saludables, agreg\u00e1ndose a los establecimientos de consumo escolar, comedores y m\u00e1quinas expendedoras o sus equivalentes.<\/p>\n\n\n\n<p>Tambi\u00e9n se plante\u00f3 que la distribuci\u00f3n de los alimentos y bebidas preparados y procesados, dentro de toda escuela, comprendan los criterios de sustentabilidad y la ausencia de conflicto de inter\u00e9s y la garant\u00eda del inter\u00e9s superior de la ni\u00f1ez.<\/p>\n\n\n\n<p>Por otra parte, los gobiernos de las entidades federativas y de los municipios deber\u00e1n adecuar sus leyes, reglamentos y dem\u00e1s disposiciones jur\u00eddicas, en un plazo no mayor de dos a\u00f1os, para cumplir con la regulaci\u00f3n de la venta de alimentos y bebidas naturales y preparados, saludables, sostenibles y de la regi\u00f3n, as\u00ed como el consumo de agua potable.<\/p>\n\n\n\n<p>Ana Lilia Rivera Rivera, presidenta de la Mesa Directiva, dijo que se impulsan reformas para garantizar una alimentaci\u00f3n sana, sustentable y de calidad, desde su producci\u00f3n, distribuci\u00f3n y consumo.<\/p>\n\n\n\n<p>La senadora record\u00f3 que durante la pandemia de Covid-19 salieron a \u201cflote las pandemias ocultas\u201d por la mala alimentaci\u00f3n, as\u00ed como las pol\u00edticas alimentarias que el pa\u00eds no ha tomado como prioridad,<\/p>\n\n\n\n<p>De acuerdo con datos de la Organizaci\u00f3n Mundial de la Salud (OMS), M\u00e9xico vive una pandemia de az\u00facar y obesidad, pues siete de cada 10 adultos tienen sobrepeso, mientras que en ni\u00f1os es en cuatro de cada 10.<\/p>\n\n\n\n<p>Por esas razones es fundamental que en los entornos escolares se implemente una pol\u00edtica alimentaria clara, la cual determine los alimentos que pueden consumirse dentro de las escuelas.<\/p>\n\n\n\n<p>La presidenta de la Comisi\u00f3n de Educaci\u00f3n, Antares V\u00e1zquez Alatorre, afirm\u00f3 que esta reforma refleja el inter\u00e9s de la C\u00e1mara Alta para promover estilos de vida saludables en ni\u00f1os, ni\u00f1as y adolescentes.<\/p>\n\n\n\n<p>Sostuvo que derivado de estos cambios se podr\u00e1n prevenir problemas de salud p\u00fablica, como diabetes, obesidad, hipertensi\u00f3n y una serie de enfermedades degenerativas, para ofrecer un nuevo modelo de consumo y cuidado para las y los estudiantes.<\/p>\n\n\n\n<p>En tanto, la senadora del PRI, Beatriz Paredes Rangel, consider\u00f3 que la obesidad es uno de los problemas m\u00e1s severos para la ni\u00f1ez, por lo que es indispensable, adem\u00e1s de fomentar buenos h\u00e1bitos alimentarios, fortalecer la disciplina del ejercicio y la educaci\u00f3n f\u00edsica, \u201cporque no s\u00f3lo genera organismos mucho m\u00e1s sanos, sino que propicia el trabajo en equipo y el sano entretenimiento\u201d.<\/p>\n\n\n\n<p>(Informaci\u00f3n de \u201cExpansi\u00f3n Pol\u00edtica)<\/p>\n","protected":false},"excerpt":{"rendered":"<p>Redacci\u00f3n\/Zona Roja Cdmx. Ciudad de M\u00e9xico, a 9 de noviembre de 2023.- El Senado de&hellip;<\/p>\n","protected":false},"author":2,"featured_media":15811,"comment_status":"closed","ping_status":"open","sticky":false,"template":"","format":"standard","meta":{"_lmt_disableupdate":"","_lmt_disable":"","_jetpack_memberships_contains_paid_content":false,"footnotes":""},"categories":[109,46],"tags":[],"class_list":["post-61878","post","type-post","status-publish","format-standard","has-post-thumbnail","hentry","category-minuto-a-minuto","category-zona-blanca"],"jetpack_featured_media_url":"https:\/\/zonaroja.com.mx\/wp-content\/uploads\/2020\/08\/Comida-chatarra.jpg","jetpack_sharing_enabled":true,"_links":{"self":[{"href":"https:\/\/zonaroja.com.mx\/index.php?rest_route=\/wp\/v2\/posts\/61878","targetHints":{"allow":["GET"]}}],"collection":[{"href":"https:\/\/zonaroja.com.mx\/index.php?rest_route=\/wp\/v2\/posts"}],"about":[{"href":"https:\/\/zonaroja.com.mx\/index.php?rest_route=\/wp\/v2\/types\/post"}],"author":[{"embeddable":true,"href":"https:\/\/zonaroja.com.mx\/index.php?rest_route=\/wp\/v2\/users\/2"}],"replies":[{"embeddable":true,"href":"https:\/\/zonaroja.com.mx\/index.php?rest_route=%2Fwp%2Fv2%2Fcomments&post=61878"}],"version-history":[{"count":1,"href":"https:\/\/zonaroja.com.mx\/index.php?rest_route=\/wp\/v2\/posts\/61878\/revisions"}],"predecessor-version":[{"id":61879,"href":"https:\/\/zonaroja.com.mx\/index.php?rest_route=\/wp\/v2\/posts\/61878\/revisions\/61879"}],"wp:featuredmedia":[{"embeddable":true,"href":"https:\/\/zonaroja.com.mx\/index.php?rest_route=\/wp\/v2\/media\/15811"}],"wp:attachment":[{"href":"https:\/\/zonaroja.com.mx\/index.php?rest_route=%2Fwp%2Fv2%2Fmedia&parent=61878"}],"wp:term":[{"taxonomy":"category","embeddable":true,"href":"https:\/\/zonaroja.com.mx\/index.php?rest_route=%2Fwp%2Fv2%2Fcategories&post=61878"},{"taxonomy":"post_tag","embeddable":true,"href":"https:\/\/zonaroja.com.mx\/index.php?rest_route=%2Fwp%2Fv2%2Ftags&post=61878"}],"curies":[{"name":"wp","href":"https:\/\/api.w.org\/{rel}","templated":true}]}}