{"id":61882,"date":"2023-11-09T13:30:00","date_gmt":"2023-11-09T19:30:00","guid":{"rendered":"http:\/\/www.zonaroja.com.mx\/?p=61882"},"modified":"2023-11-09T07:47:19","modified_gmt":"2023-11-09T13:47:19","slug":"miles-de-palestinos-huyen-a-pie-de-gaza-israel-estrecha-cerco-sobre-hamas","status":"publish","type":"post","link":"https:\/\/zonaroja.com.mx\/?p=61882","title":{"rendered":"Miles de palestinos huyen a pie de Gaza; Israel estrecha cerco sobre Hamas"},"content":{"rendered":"\n<p>Redacci\u00f3n\/Zona Roja Cdmx.<\/p>\n\n\n\n<p>Ciudad de M\u00e9xico, a 9 de noviembre de 2023.- Miles de palestinos desesperados huyeron este mi\u00e9rcoles a pie del norte de la franja de Gaza, donde el ej\u00e9rcito israel\u00ed estrecha el \u00abcerco\u00bb alrededor del movimiento islamita Hamas y combate contra sus milicianos cuerpo a cuerpo, sin esperanza de tregua.<\/p>\n\n\n\n<p>\u00abMiles de habitantes del norte de la Franja de Gaza respondieron a los llamados del ej\u00e9rcito israel\u00ed y se dirigen actualmente hacia el sur\u00bb, declar\u00f3 un portavoz del cuerpo armado.<\/p>\n\n\n\n<p>El ritmo de los civiles que huyen hacia el sur del peque\u00f1o territorio se aceler\u00f3 a medida que Israel intensific\u00f3 sus bombardeos y combates terrestres, seg\u00fan un periodista de AFP y observadores de Naciones Unidas.<\/p>\n\n\n\n<p>La oficina de coordinaci\u00f3n de asuntos humanitarios de la ONU (OCHA) calcula que cerca de 15 mil personas huyeron el martes, contra 5 mil el lunes y 2 mil el domingo.<\/p>\n\n\n\n<p>Israel ha prometido \u00abaniquilar a Hamas\u00bb en represalia por el sangriento ataque en su territorio el 7 de octubre, en el que los combatientes islamitas mataron a unas mil 400 personas, en su mayor\u00eda civiles.<\/p>\n\n\n\n<p>Hamas tiene adem\u00e1s en su poder a m\u00e1s de 240 rehenes, secuestrados aquel d\u00eda.<\/p>\n\n\n\n<p>El ej\u00e9rcito israel\u00ed bombardea desde entonces la Franja, pese a los m\u00faltiples pedidos de tregua.<\/p>\n\n\n\n<p>Del lado palestino, al menos 10&nbsp; mil 569 personas, en su mayor\u00eda civiles y entre ellas m\u00e1s de 4 mil ni\u00f1os, murieron en los bombardeos israel\u00edes, seg\u00fan el Ministerio de Salud del enclave palestino, gobernado por Ham\u00e1s.<\/p>\n\n\n\n<p>Catar negocia la liberaci\u00f3n de rehenes<\/p>\n\n\n\n<p>En im\u00e1genes difundidas el mi\u00e9rcoles por el ej\u00e9rcito israel\u00ed pueden verse tanques y topadoras avanzando entre las ruinas humeantes de Gaza. Los soldados est\u00e1n operando en los edificios destruidos por los bombardeos, mientras en tierra se suceden las explosiones.<\/p>\n\n\n\n<p>\u00abEra aterrador\u00bb, cont\u00f3 a AFP Ola al Ghul, una mujer que huy\u00f3 de los combates el martes. \u00abLevant\u00e1bamos las manos y segu\u00edamos caminando. \u00c9ramos tantos, llev\u00e1bamos banderas blancas\u00bb, describi\u00f3.<\/p>\n\n\n\n<p>Israel condiciona cualquier tregua humanitaria al regreso de los rehenes, pese a los pedidos de la ONU, ONG y capitales extranjeras a un alto el fuego o una pausa en los combates.<\/p>\n\n\n\n<p>Una tregua permitir\u00eda entregar ayuda urgente tras el corte de suministro de comida, agua, electricidad y medicamentos.<\/p>\n\n\n\n<p>Catar media actualmente en las negociaciones para obtener la liberaci\u00f3n de 12 rehenes, seis de ellos estadounidenses, a cambio de una \u00abtregua humanitaria de tres d\u00edas\u00bb, indic\u00f3 a AFP una fuente cercana a Ham\u00e1s.<\/p>\n\n\n\n<p>Las discusiones tropiezan por el momento en la \u00abduraci\u00f3n\u00bb de la tregua y la inclusi\u00f3n en ella del norte de la Franja, donde se centra la contienda, precis\u00f3 la fuente.<\/p>\n\n\n\n<p>En las \u00faltimas semanas, Doha desempe\u00f1\u00f3 un papel clave en las negociaciones para liberar a los rehenes, y consigui\u00f3 que el grupo islamista soltara a cuatro de ellos, dos israel\u00edes y dos estadounidenses.<\/p>\n\n\n\n<p>La idea de un alto el fuego es rechazada por Estados Unidos, el principal aliado de Israel, que preconiza en lugar de esto \u00abpausas humanitarias\u00bb.<\/p>\n\n\n\n<p>En esa l\u00ednea, los cancilleres del G7, reunidos este mi\u00e9rcoles en Tokio, apoyaron la idea de \u00abpausas y corredores humanitarios\u00bb en Gaza.<\/p>\n\n\n\n<p>\u00abCat\u00e1strofe humanitaria\u00bb<\/p>\n\n\n\n<p>Para los 2.4 millones de gazat\u00edes, la situaci\u00f3n es desesperada despu\u00e9s de un mes de bombardeos incesantes.<\/p>\n\n\n\n<p>Seg\u00fan la ONU, un mill\u00f3n y medio de personas se desplazaron en el interior del enclave palestino desde hace un mes.<\/p>\n\n\n\n<p>Un experto independiente de Naciones Unidas, Balakrishnan Rajagopal, dijo este mi\u00e9rcoles que el 45% de las viviendas del enclave han resultado da\u00f1adas o destruidas en los bombardeos israel\u00edes, lo que seg\u00fan \u00e9l es \u00abun crimen de guerra\u00bb.<\/p>\n\n\n\n<p>El experto enfatiz\u00f3 que cuando dichos ataques \u00abest\u00e1n dirigidos contra una poblaci\u00f3n civil, tambi\u00e9n equivalen a cr\u00edmenes contra la humanidad\u00bb.<\/p>\n\n\n\n<p>El gobierno de Hamas acus\u00f3 el mi\u00e9rcoles a la Agencia de la ONU para los refugiados palestinos (UNRWA) de \u00abcolusi\u00f3n\u00bb con Israel en el \u00abdesplazamiento forzado\u00bb de la poblaci\u00f3n hacia el sur.<\/p>\n\n\n\n<p>\u00abLa UNRWA y sus dirigentes son responsables de esta cat\u00e1strofe humanitaria\u00bb, dijo el jefe del servicio de prensa del gobierno de Hamas, Salama Maruf.<\/p>\n\n\n\n<p>La agencia de la ONU afirma por su parte que ya no tiene la capacidad de ayudar a los miles de desplazados. Seg\u00fan su \u00faltimo balance, 89 de sus empleados murieron adem\u00e1s en el territorio.<\/p>\n\n\n\n<p>La ONG M\u00e9dicos Sin Fronteras inform\u00f3 este mi\u00e9rcoles que uno de sus empleados muri\u00f3 el lunes en un bombardeo junto a varios miembros de su familia en el campo de refugiados de Shati.<\/p>\n\n\n\n<p>\u00abEn toda Gaza, personas indefensas siguen perdiendo familiares, sus hogares y sus vidas, mientras los l\u00edderes mundiales no toman medidas significativas\u00bb, denunci\u00f3.<\/p>\n\n\n\n<p>Israel se retir\u00f3 unilateralmente de Gaza en 2005, despu\u00e9s de 38 a\u00f1os de ocupaci\u00f3n. El primer ministro, Benjamin Netanyahu, afirm\u00f3 que tras la guerra su pa\u00eds asumir\u00e1 la \u00abresponsabilidad general de la seguridad\u00bb por un per\u00edodo indefinido, para impedir que Hamas recupere all\u00ed el poder.<\/p>\n\n\n\n<p>\u00abNo se tratar\u00e1 de una ocupaci\u00f3n\u00bb, matiz\u00f3 el martes el ministro israel\u00ed de Asuntos Estrat\u00e9gicos, Ron Dermer.<\/p>\n\n\n\n<p>El secretario de Estado norteamericano, Antony Blinken, afirm\u00f3 este mi\u00e9rcoles precisamente que Israel no debe volver a ocupar Gaza.<\/p>\n\n\n\n<p>La violencia se ha multiplicado tambi\u00e9n en Cisjordania, territorio palestino ocupado por Israel desde 1967, donde m\u00e1s de 150 palestinos murieron a manos del ej\u00e9rcito y de los colonos desde el 7 de octubre, seg\u00fan la Autoridad Palestina.<\/p>\n\n\n\n<p>(Informaci\u00f3n de AFP en \u201cLa Jornada\u201d)<\/p>\n","protected":false},"excerpt":{"rendered":"<p>Redacci\u00f3n\/Zona Roja Cdmx. Ciudad de M\u00e9xico, a 9 de noviembre de 2023.- Miles de palestinos&hellip;<\/p>\n","protected":false},"author":2,"featured_media":60808,"comment_status":"closed","ping_status":"open","sticky":false,"template":"","format":"standard","meta":{"_lmt_disableupdate":"","_lmt_disable":"","_jetpack_memberships_contains_paid_content":false,"footnotes":""},"categories":[109,47],"tags":[2668],"class_list":["post-61882","post","type-post","status-publish","format-standard","has-post-thumbnail","hentry","category-minuto-a-minuto","category-zona-gris","tag-conflicto-gaza-israel"],"jetpack_featured_media_url":"https:\/\/zonaroja.com.mx\/wp-content\/uploads\/2023\/10\/Guerra-Israel-Hamas.jpeg","jetpack_sharing_enabled":true,"_links":{"self":[{"href":"https:\/\/zonaroja.com.mx\/index.php?rest_route=\/wp\/v2\/posts\/61882","targetHints":{"allow":["GET"]}}],"collection":[{"href":"https:\/\/zonaroja.com.mx\/index.php?rest_route=\/wp\/v2\/posts"}],"about":[{"href":"https:\/\/zonaroja.com.mx\/index.php?rest_route=\/wp\/v2\/types\/post"}],"author":[{"embeddable":true,"href":"https:\/\/zonaroja.com.mx\/index.php?rest_route=\/wp\/v2\/users\/2"}],"replies":[{"embeddable":true,"href":"https:\/\/zonaroja.com.mx\/index.php?rest_route=%2Fwp%2Fv2%2Fcomments&post=61882"}],"version-history":[{"count":1,"href":"https:\/\/zonaroja.com.mx\/index.php?rest_route=\/wp\/v2\/posts\/61882\/revisions"}],"predecessor-version":[{"id":61883,"href":"https:\/\/zonaroja.com.mx\/index.php?rest_route=\/wp\/v2\/posts\/61882\/revisions\/61883"}],"wp:featuredmedia":[{"embeddable":true,"href":"https:\/\/zonaroja.com.mx\/index.php?rest_route=\/wp\/v2\/media\/60808"}],"wp:attachment":[{"href":"https:\/\/zonaroja.com.mx\/index.php?rest_route=%2Fwp%2Fv2%2Fmedia&parent=61882"}],"wp:term":[{"taxonomy":"category","embeddable":true,"href":"https:\/\/zonaroja.com.mx\/index.php?rest_route=%2Fwp%2Fv2%2Fcategories&post=61882"},{"taxonomy":"post_tag","embeddable":true,"href":"https:\/\/zonaroja.com.mx\/index.php?rest_route=%2Fwp%2Fv2%2Ftags&post=61882"}],"curies":[{"name":"wp","href":"https:\/\/api.w.org\/{rel}","templated":true}]}}