{"id":61884,"date":"2023-11-09T14:47:00","date_gmt":"2023-11-09T20:47:00","guid":{"rendered":"http:\/\/www.zonaroja.com.mx\/?p=61884"},"modified":"2023-11-09T07:59:44","modified_gmt":"2023-11-09T13:59:44","slug":"dignificar-el-periodismo-siempre-ha-sido-nuestra-aspiracion-leandro-hernandez","status":"publish","type":"post","link":"https:\/\/zonaroja.com.mx\/?p=61884","title":{"rendered":"\u00abDignificar el periodismo siempre ha sido nuestra aspiraci\u00f3n\u00bb: Leandro Hern\u00e1ndez\u00a0"},"content":{"rendered":"\n<p>Yuridiana Sosa\/Zona Roja.<\/p>\n\n\n\n<p>Oaxaca de Ju\u00e1rez, Oax., a 9 de noviembre de 2023.- Orgulloso de ejercer el periodismo durante 60 a\u00f1os en Oaxaca, don Leandro Hern\u00e1ndez Romero, comparti\u00f3 ante futuras generaciones sus experiencias y retos de la profesi\u00f3n durante la VIII sesi\u00f3n del Conversatorio \u00ab\u00bfPara qu\u00e9 sirve el periodismo?\u00bb,&nbsp;<\/p>\n\n\n\n<p>En el encuentro, en que estuvieron presentes profesionistas de larga trayectoria y estudiantes de Comunicaci\u00f3n, el decano del periodismo en la entidad se\u00f1al\u00f3 que una de las aspiraciones m\u00e1s grandes de quienes pertenecen a los medios de comunicaci\u00f3n es dignificar su labor.<\/p>\n\n\n\n<p>As\u00ed lo ha sido para \u00e9l desde hace m\u00e1s de medio siglo, en los que se ha desempe\u00f1ado en diferentes&nbsp;medios, iniciando en 1964, y entre sus primeros medios destaca \u00abCarteles del Sur\u201d, que dirigi\u00f3 don N\u00e9stor S\u00e1nchez Hern\u00e1ndez; en el peri\u00f3dico \u201cEl Imparcial\u201d, en el tiempo de don Benito Garc\u00eda, y en \u201cOaxaca Gr\u00e1fico\u201d, dirigido por la profesora Arcelia Ya\u00f1iz.<\/p>\n\n\n\n<p>El anhelo de un periodismo&nbsp;dignificado, dijo, lo compartieron decenas de compa\u00f1eros fallecidos, quienes tambi\u00e9n se enfrentaron a diversos riesgos para poder ejercer con libertad, principalmente al defenderse del poder.<\/p>\n\n\n\n<p>A pregunta expresa de j\u00f3venes estudiantes, el experimentado periodista indic\u00f3 que en todos los tiempos los periodistas han luchado por la dignificaci\u00f3n de su profesi\u00f3n, por ello los llam\u00f3 a cimentar bien sus bases y reglas para cuando salgan a las calles defiendan su trabajo con valor.<\/p>\n\n\n\n<p>Frente a ese reto, Hern\u00e1ndez Romero celebr\u00f3 el encuentro entre las diferentes generaciones, pues ese ejercicio fortalece al periodismo, del cual con el paso del tiempo, le ha dejado de dar relevancia a que su nombre salga en una plano y ha priorizado a que sus escritos lleguen a las personas y sean de utilidad.&nbsp;<\/p>\n\n\n\n<p>Desde su experiencia, y para fortalecer al gremio desde la nueva energ\u00eda de los j\u00f3venes, Hern\u00e1ndez Romero, llam\u00f3 a los estudiantes a no esperar a graduarse para empezar a escribir, entrevistar, visibilizar su trabajo.<\/p>\n\n\n\n<p>El decano asegur\u00f3 que el uso de las nuevas tecnolog\u00edas&nbsp;para comunicar, y a trav\u00e9s de las diferentes aplicaciones, la noticia no debe estar peleada con la veracidad.<\/p>\n\n\n\n<p>Durante la sesi\u00f3n record\u00f3 la labor de decenas de compa\u00f1eros que han fallecido desde hace varias d\u00e9cadas, algunos con trascendencia social y otros por su importante labor.&nbsp;<\/p>\n\n\n\n<p>El periodista tambi\u00e9n es uno de los socios fundadores de la Asociaci\u00f3n de Periodistas de Oaxaca (APO), desde 1978 y ha sido vocero de diversos gobernadores, as\u00ed como en la C\u00e1mara de Diputados.<\/p>\n","protected":false},"excerpt":{"rendered":"<p>Yuridiana Sosa\/Zona Roja. Oaxaca de Ju\u00e1rez, Oax., a 9 de noviembre de 2023.- Orgulloso de&hellip;<\/p>\n","protected":false},"author":2,"featured_media":61885,"comment_status":"closed","ping_status":"open","sticky":false,"template":"","format":"standard","meta":{"_lmt_disableupdate":"","_lmt_disable":"","_jetpack_memberships_contains_paid_content":false,"footnotes":""},"categories":[109,46],"tags":[],"class_list":["post-61884","post","type-post","status-publish","format-standard","has-post-thumbnail","hentry","category-minuto-a-minuto","category-zona-blanca"],"jetpack_featured_media_url":"https:\/\/zonaroja.com.mx\/wp-content\/uploads\/2023\/11\/Leandro-Hernandez-Romero.jpg","jetpack_sharing_enabled":true,"_links":{"self":[{"href":"https:\/\/zonaroja.com.mx\/index.php?rest_route=\/wp\/v2\/posts\/61884","targetHints":{"allow":["GET"]}}],"collection":[{"href":"https:\/\/zonaroja.com.mx\/index.php?rest_route=\/wp\/v2\/posts"}],"about":[{"href":"https:\/\/zonaroja.com.mx\/index.php?rest_route=\/wp\/v2\/types\/post"}],"author":[{"embeddable":true,"href":"https:\/\/zonaroja.com.mx\/index.php?rest_route=\/wp\/v2\/users\/2"}],"replies":[{"embeddable":true,"href":"https:\/\/zonaroja.com.mx\/index.php?rest_route=%2Fwp%2Fv2%2Fcomments&post=61884"}],"version-history":[{"count":1,"href":"https:\/\/zonaroja.com.mx\/index.php?rest_route=\/wp\/v2\/posts\/61884\/revisions"}],"predecessor-version":[{"id":61886,"href":"https:\/\/zonaroja.com.mx\/index.php?rest_route=\/wp\/v2\/posts\/61884\/revisions\/61886"}],"wp:featuredmedia":[{"embeddable":true,"href":"https:\/\/zonaroja.com.mx\/index.php?rest_route=\/wp\/v2\/media\/61885"}],"wp:attachment":[{"href":"https:\/\/zonaroja.com.mx\/index.php?rest_route=%2Fwp%2Fv2%2Fmedia&parent=61884"}],"wp:term":[{"taxonomy":"category","embeddable":true,"href":"https:\/\/zonaroja.com.mx\/index.php?rest_route=%2Fwp%2Fv2%2Fcategories&post=61884"},{"taxonomy":"post_tag","embeddable":true,"href":"https:\/\/zonaroja.com.mx\/index.php?rest_route=%2Fwp%2Fv2%2Ftags&post=61884"}],"curies":[{"name":"wp","href":"https:\/\/api.w.org\/{rel}","templated":true}]}}