{"id":6189,"date":"2019-11-29T09:26:31","date_gmt":"2019-11-29T15:26:31","guid":{"rendered":"http:\/\/www.zonaroja.com.mx\/?p=6189"},"modified":"2019-11-29T09:26:35","modified_gmt":"2019-11-29T15:26:35","slug":"marchantas-opcion-solidaria-para-la-venta-de-productos-artesanales-hechos-por-mujeres","status":"publish","type":"post","link":"https:\/\/zonaroja.com.mx\/?p=6189","title":{"rendered":"\u201cMarchantas\u201d, opci\u00f3n solidaria para la venta de productos artesanales hechos por mujeres"},"content":{"rendered":"\n<p>Evlin Arag\u00f3n\/Zona Roja.<\/p>\n\n\n\n<p>Oaxaca de Ju\u00e1rez, Oax., 29 de noviembre\nde 2019.- Este s\u00e1bado y domingo y por tercera ocasi\u00f3n se instalar\u00e1 el bazar\n\u201cMarchantas\u201d, un proyecto feminista y aut\u00f3nomo que pretende incidir en la\neconom\u00eda local de las mujeres, brindando un espacio seguro para la venta de\nproductos artesanales.<\/p>\n\n\n\n<p>La idea surgi\u00f3 entre un grupo de amigas\nque participaban en un bazar mixto en el que decidieron impulsar el comercio\njusto y solidario entre mujeres, muchas que se dedican a la elaboraci\u00f3n de\nproductos para generar ingresos propios y otras que lo hacen como apoyo extra\nen su econom\u00eda.<\/p>\n\n\n\n<p>Anel Flores Cruz, comunicadora y\nfeminista, es una de las impulsoras de la iniciativa que de acuerdo a sus\npalabras busca generar una base econ\u00f3mica propia de las mujeres que participan\nen el bazar y que la mayor\u00eda no cuenta con un espacio propio para expender sus\nproductos.<\/p>\n\n\n\n<p>\u201cEstos espacios son ideales para\nnosotras que estamos empezando un nuevo producto o idea y sobre todo para\nnuestra autonom\u00eda econ\u00f3mica ya que las mujeres estamos un poco marginadas en\nese sentido\u201d, se\u00f1al\u00f3 Ingrid Santos, tambi\u00e9n impulsora de la iniciativa.<\/p>\n\n\n\n<p>Ropa, bolsas, art\u00edculos de uso personal\ny de autocuidado, artesan\u00edas, tisanas, medicina tradicional, cervezas y comida\nson algunos de los productos que podr\u00e1s encontrar en los 23 espacios que se\ninstalar\u00e1n, sin dejar de nombrar a la m\u00fasica que se har\u00e1 presente para generar\n-independientemente de la venta- un espacio de convivencia.<\/p>\n\n\n\n<p>Joyce Musicolor y Eduarda, ambas\nintegrantes del colectivo de mujeres vinileras ser\u00e1n las encargadas de poner\nambiente el fin de semana, la primera con todo el power de la cumbia y la\nsegunda evocando las d\u00e9cadas de los 60 y 80 con m\u00fasica selecta ya que ambas son\ncoleccionistas de vinilos en la Ciudad de M\u00e9xico. <\/p>\n\n\n\n<p>En esta tercera edici\u00f3n de\n\u00abMarchantas\u00bb se realizar\u00e1 un taller de Fanzine Feminista el cual\ntiene una cuota de recuperaci\u00f3n y necesita previa inscripci\u00f3n al tel\u00e9fono 951\n1113606 donde adem\u00e1s dar\u00e1n informaci\u00f3n sobre los materiales que se van a\nutilizar.<\/p>\n\n\n\n<p>La cita es este s\u00e1bado 30 de noviembre y\ndomingo 1 de diciembre en Crespo #603, a un costado de la Universidad\nVasconcelos, en la capital de Oaxaca, con un horario de 10 de la ma\u00f1ana a 7 de\nla noche.<\/p>\n","protected":false},"excerpt":{"rendered":"<p>Evlin Arag\u00f3n\/Zona Roja. Oaxaca de Ju\u00e1rez, Oax., 29 de noviembre de 2019.- Este s\u00e1bado y&hellip;<\/p>\n","protected":false},"author":2,"featured_media":6190,"comment_status":"closed","ping_status":"open","sticky":false,"template":"","format":"standard","meta":{"_lmt_disableupdate":"","_lmt_disable":"","_jetpack_memberships_contains_paid_content":false,"footnotes":""},"categories":[109,46],"tags":[],"class_list":["post-6189","post","type-post","status-publish","format-standard","has-post-thumbnail","hentry","category-minuto-a-minuto","category-zona-blanca"],"jetpack_featured_media_url":"https:\/\/zonaroja.com.mx\/wp-content\/uploads\/2019\/11\/bazar-Marchantas.jpeg","jetpack_sharing_enabled":true,"_links":{"self":[{"href":"https:\/\/zonaroja.com.mx\/index.php?rest_route=\/wp\/v2\/posts\/6189","targetHints":{"allow":["GET"]}}],"collection":[{"href":"https:\/\/zonaroja.com.mx\/index.php?rest_route=\/wp\/v2\/posts"}],"about":[{"href":"https:\/\/zonaroja.com.mx\/index.php?rest_route=\/wp\/v2\/types\/post"}],"author":[{"embeddable":true,"href":"https:\/\/zonaroja.com.mx\/index.php?rest_route=\/wp\/v2\/users\/2"}],"replies":[{"embeddable":true,"href":"https:\/\/zonaroja.com.mx\/index.php?rest_route=%2Fwp%2Fv2%2Fcomments&post=6189"}],"version-history":[{"count":1,"href":"https:\/\/zonaroja.com.mx\/index.php?rest_route=\/wp\/v2\/posts\/6189\/revisions"}],"predecessor-version":[{"id":6191,"href":"https:\/\/zonaroja.com.mx\/index.php?rest_route=\/wp\/v2\/posts\/6189\/revisions\/6191"}],"wp:featuredmedia":[{"embeddable":true,"href":"https:\/\/zonaroja.com.mx\/index.php?rest_route=\/wp\/v2\/media\/6190"}],"wp:attachment":[{"href":"https:\/\/zonaroja.com.mx\/index.php?rest_route=%2Fwp%2Fv2%2Fmedia&parent=6189"}],"wp:term":[{"taxonomy":"category","embeddable":true,"href":"https:\/\/zonaroja.com.mx\/index.php?rest_route=%2Fwp%2Fv2%2Fcategories&post=6189"},{"taxonomy":"post_tag","embeddable":true,"href":"https:\/\/zonaroja.com.mx\/index.php?rest_route=%2Fwp%2Fv2%2Ftags&post=6189"}],"curies":[{"name":"wp","href":"https:\/\/api.w.org\/{rel}","templated":true}]}}