{"id":61893,"date":"2023-11-09T16:03:24","date_gmt":"2023-11-09T22:03:24","guid":{"rendered":"http:\/\/www.zonaroja.com.mx\/?p=61893"},"modified":"2023-11-09T16:03:27","modified_gmt":"2023-11-09T22:03:27","slug":"ratifica-seccion-22-de-snte-rechazo-al-titular-del-ieepo-por-lucrar-con-escuelas","status":"publish","type":"post","link":"https:\/\/zonaroja.com.mx\/?p=61893","title":{"rendered":"Ratifica Secci\u00f3n 22 de SNTE rechazo al titular del IEEPO por lucrar con escuelas"},"content":{"rendered":"\n<p>Yuridiana Sosa\/Zona Roja.<\/p>\n\n\n\n<p>Oaxaca de Ju\u00e1rez, Oax., a 9 de noviembre de 2023.- La Secci\u00f3n del 22 del Sindicato Nacional de Trabajadores de la Educaci\u00f3n (SNTE) manifest\u00f3 una vez m\u00e1s su rechazo al titular del IEEPO, Emilio Montero P\u00e9rez, por realizar actos proselitistas en las escuelas.<\/p>\n\n\n\n<p>En conferencia de prensa, el Comit\u00e9 Ejecutivo encabezado por Yenny Aracely P\u00e9rez, se\u00f1al\u00f3 que el director del Instituto Estatal de Educaci\u00f3n P\u00fablica de Oaxaca utiliza la entrega de material de aseo, deportivo y oficias a las escuelas p\u00fablicas para su beneficio pol\u00edtico electoral, para las elecciones del 2024.<\/p>\n\n\n\n<p>Por ello expresaron su inconformidad por las visitas del personal de esa dependencia del gobierno estatal a las instituciones pertenecientes a la Secci\u00f3n 22, por lo que exigieron que las entregas se realicen v\u00eda estructura.<\/p>\n\n\n\n<p>La secretaria general de la Secci\u00f3n 22 del SNTE apunt\u00f3 que el material entregado ni siquiera cubre las necesidades reales en los planteles.<\/p>\n\n\n\n<p>Las principales demandas en los planteles son infraestructura, equipamiento tecnol\u00f3gico y mobiliario, sin embargo, esas son ignoradas por el gobierno estatal y federal.<\/p>\n\n\n\n<p>As\u00ed tambi\u00e9n, el magisterio demand\u00f3 respeto a la vida interna de la gremial y las decisiones que tomen desde el interior de la vida sindical sobre sus formas de actuar.<\/p>\n\n\n\n<p>SIN CLASES<\/p>\n\n\n\n<p>La dirigencia de la Secci\u00f3n 22, adherida a la Coordinadora Nacional de Trabajadores de la Educaci\u00f3n (CNTE), se\u00f1al\u00f3 que ante la falta de plazas en escuelas de educaci\u00f3n ind\u00edgena, este sector no ha iniciado clases.<\/p>\n\n\n\n<p>Existe un d\u00e9ficit por cubrir de 11 mil 543 plazas, las cuales exigieron al gobierno estatal y federal dar soluci\u00f3n.<\/p>\n\n\n\n<p>As\u00ed como al presidente Andr\u00e9s Manuel L\u00f3pez Obrador estar presente de la reinstalaci\u00f3n de mesa con la Comisi\u00f3n Nacional \u00danicas de Negociaci\u00f3n.<\/p>\n","protected":false},"excerpt":{"rendered":"<p>Yuridiana Sosa\/Zona Roja. Oaxaca de Ju\u00e1rez, Oax., a 9 de noviembre de 2023.- La Secci\u00f3n&hellip;<\/p>\n","protected":false},"author":2,"featured_media":61895,"comment_status":"closed","ping_status":"open","sticky":false,"template":"","format":"standard","meta":{"_lmt_disableupdate":"","_lmt_disable":"","_jetpack_memberships_contains_paid_content":false,"footnotes":""},"categories":[109,47],"tags":[312],"class_list":["post-61893","post","type-post","status-publish","format-standard","has-post-thumbnail","hentry","category-minuto-a-minuto","category-zona-gris","tag-seccion-22-del-snte"],"jetpack_featured_media_url":"https:\/\/zonaroja.com.mx\/wp-content\/uploads\/2023\/11\/Conferencia-Seccion-22-del-SNTe.jpg","jetpack_sharing_enabled":true,"_links":{"self":[{"href":"https:\/\/zonaroja.com.mx\/index.php?rest_route=\/wp\/v2\/posts\/61893","targetHints":{"allow":["GET"]}}],"collection":[{"href":"https:\/\/zonaroja.com.mx\/index.php?rest_route=\/wp\/v2\/posts"}],"about":[{"href":"https:\/\/zonaroja.com.mx\/index.php?rest_route=\/wp\/v2\/types\/post"}],"author":[{"embeddable":true,"href":"https:\/\/zonaroja.com.mx\/index.php?rest_route=\/wp\/v2\/users\/2"}],"replies":[{"embeddable":true,"href":"https:\/\/zonaroja.com.mx\/index.php?rest_route=%2Fwp%2Fv2%2Fcomments&post=61893"}],"version-history":[{"count":1,"href":"https:\/\/zonaroja.com.mx\/index.php?rest_route=\/wp\/v2\/posts\/61893\/revisions"}],"predecessor-version":[{"id":61896,"href":"https:\/\/zonaroja.com.mx\/index.php?rest_route=\/wp\/v2\/posts\/61893\/revisions\/61896"}],"wp:featuredmedia":[{"embeddable":true,"href":"https:\/\/zonaroja.com.mx\/index.php?rest_route=\/wp\/v2\/media\/61895"}],"wp:attachment":[{"href":"https:\/\/zonaroja.com.mx\/index.php?rest_route=%2Fwp%2Fv2%2Fmedia&parent=61893"}],"wp:term":[{"taxonomy":"category","embeddable":true,"href":"https:\/\/zonaroja.com.mx\/index.php?rest_route=%2Fwp%2Fv2%2Fcategories&post=61893"},{"taxonomy":"post_tag","embeddable":true,"href":"https:\/\/zonaroja.com.mx\/index.php?rest_route=%2Fwp%2Fv2%2Ftags&post=61893"}],"curies":[{"name":"wp","href":"https:\/\/api.w.org\/{rel}","templated":true}]}}