{"id":61900,"date":"2023-11-09T20:20:51","date_gmt":"2023-11-10T02:20:51","guid":{"rendered":"http:\/\/www.zonaroja.com.mx\/?p=61900"},"modified":"2023-11-10T08:03:22","modified_gmt":"2023-11-10T14:03:22","slug":"arrecian-protestas-contra-neri-en-palacio-municipal-y-neri-desatiende","status":"publish","type":"post","link":"https:\/\/zonaroja.com.mx\/?p=61900","title":{"rendered":"Arrecian protestas contra Neri en palacio municipal y edil desatiende"},"content":{"rendered":"\n<p>Yuridiana Sosa\/Zona Roja.<\/p>\n\n\n\n<p>Oaxaca de Ju\u00e1rez, Oax., a 9 de noviembre de 2023.- Las manifestaciones contra el presidente municipal de Oaxaca de Ju\u00e1rez, Francisco Mart\u00ednez Neri, son incontrolables, y cada vez evidencia m\u00e1s las incapacidades de su gobierno.<\/p>\n\n\n\n<p>Cientos de comerciantes de diversas organizaciones se aglutinaron este jueves en el palacio municipal de Oaxaca de Ju\u00e1rez y en la comisar\u00eda, para protestar contra del morenista, por desatender sus demandas, pero en lugar de ser recibido, el edil opt\u00f3 por encerrarse en su oficina.<\/p>\n\n\n\n<p>Los comerciantes, adheridos en una alianza de 15 organizaciones pertenecientes a la CTM de la Central de Abasto, se\u00f1alaron incompetencia de los directores para solucionar sus problemas, por lo que exigieron una audiencia con el edil, pero tambi\u00e9n les fall\u00f3.<\/p>\n\n\n\n<p>Previo a la sesi\u00f3n de Cabildo de este jueves, los inconformes arribaron al recinto e inundaron los pasillos del lugar, despu\u00e9s ingresaron a la sala de sesiones, en la que intervinieron con el grito de \u201c\u00a1Fuera!\u201d durante el pase de lista de los concejales.<\/p>\n\n\n\n<p>La molestia de los comerciantes arreci\u00f3 al notar la ausencia del presidente municipal, quien no lleg\u00f3 por temor a ser retenido, y para tratar de calmar los \u00e1nimos el secretario de Gobierno del ayuntamiento de Oaxaca, Felipe Canseco Ruiz, Intent\u00f3 dialogar con los afectados.<\/p>\n\n\n\n<p>Sin embargo, el funcionario recibi\u00f3 el desprecio de los vendedores y al grito de \u201c\u00a1Fuera Canseco!, \u00a1Fuera Canseco!, \u00a1Fuera Canseco!,\u201d el secretario tuvo que desistir de entablar una mesa de di\u00e1logo con ellos.<\/p>\n\n\n\n<p>Ante dicho escenario, los comerciantes \u201ctomaron\u201d las oficinas de la planta alta del Palacio Municipal, sin que tuvieran respuesta a su exigencia.<\/p>\n\n\n\n<p>La jornada de protesta inici\u00f3 desde temprana hora ante la llegada de otro grupo de comerciantes que protest\u00f3 en la comisar\u00eda municipal, sobre la avenida Morelos, para exigir la liberaci\u00f3n de una persona.&nbsp;<\/p>\n","protected":false},"excerpt":{"rendered":"<p>Yuridiana Sosa\/Zona Roja. Oaxaca de Ju\u00e1rez, Oax., a 9 de noviembre de 2023.- Las manifestaciones&hellip;<\/p>\n","protected":false},"author":2,"featured_media":61894,"comment_status":"closed","ping_status":"open","sticky":false,"template":"","format":"standard","meta":{"_lmt_disableupdate":"","_lmt_disable":"","_jetpack_memberships_contains_paid_content":false,"footnotes":""},"categories":[109,47],"tags":[2418,148],"class_list":["post-61900","post","type-post","status-publish","format-standard","has-post-thumbnail","hentry","category-minuto-a-minuto","category-zona-gris","tag-francisco-martinez-neri","tag-oaxaca-de-juarez"],"jetpack_featured_media_url":"https:\/\/zonaroja.com.mx\/wp-content\/uploads\/2023\/11\/Protesta-comerciantes-municipio-Oaxaca.jpg","jetpack_sharing_enabled":true,"_links":{"self":[{"href":"https:\/\/zonaroja.com.mx\/index.php?rest_route=\/wp\/v2\/posts\/61900","targetHints":{"allow":["GET"]}}],"collection":[{"href":"https:\/\/zonaroja.com.mx\/index.php?rest_route=\/wp\/v2\/posts"}],"about":[{"href":"https:\/\/zonaroja.com.mx\/index.php?rest_route=\/wp\/v2\/types\/post"}],"author":[{"embeddable":true,"href":"https:\/\/zonaroja.com.mx\/index.php?rest_route=\/wp\/v2\/users\/2"}],"replies":[{"embeddable":true,"href":"https:\/\/zonaroja.com.mx\/index.php?rest_route=%2Fwp%2Fv2%2Fcomments&post=61900"}],"version-history":[{"count":2,"href":"https:\/\/zonaroja.com.mx\/index.php?rest_route=\/wp\/v2\/posts\/61900\/revisions"}],"predecessor-version":[{"id":61915,"href":"https:\/\/zonaroja.com.mx\/index.php?rest_route=\/wp\/v2\/posts\/61900\/revisions\/61915"}],"wp:featuredmedia":[{"embeddable":true,"href":"https:\/\/zonaroja.com.mx\/index.php?rest_route=\/wp\/v2\/media\/61894"}],"wp:attachment":[{"href":"https:\/\/zonaroja.com.mx\/index.php?rest_route=%2Fwp%2Fv2%2Fmedia&parent=61900"}],"wp:term":[{"taxonomy":"category","embeddable":true,"href":"https:\/\/zonaroja.com.mx\/index.php?rest_route=%2Fwp%2Fv2%2Fcategories&post=61900"},{"taxonomy":"post_tag","embeddable":true,"href":"https:\/\/zonaroja.com.mx\/index.php?rest_route=%2Fwp%2Fv2%2Ftags&post=61900"}],"curies":[{"name":"wp","href":"https:\/\/api.w.org\/{rel}","templated":true}]}}