{"id":61902,"date":"2023-11-10T07:33:03","date_gmt":"2023-11-10T13:33:03","guid":{"rendered":"http:\/\/www.zonaroja.com.mx\/?p=61902"},"modified":"2023-11-10T07:33:05","modified_gmt":"2023-11-10T13:33:05","slug":"otro-crimen-en-la-capital-de-oaxaca-y-tambien-en-juchitan","status":"publish","type":"post","link":"https:\/\/zonaroja.com.mx\/?p=61902","title":{"rendered":"Otro crimen en la capital de Oaxaca\u2026 y tambi\u00e9n en Juchit\u00e1n"},"content":{"rendered":"\n<p>Ismael Garc\u00eda M.\/Zona Roja.<\/p>\n\n\n\n<p>Oaxaca de Ju\u00e1rez, Oax., a 10 de noviembre de 2023.- Los mun\u00edcipes de Oaxaca de Ju\u00e1rez y de Juchit\u00e1n de Zaragoza, surgidos del Partido Morena, no pueden con la inseguridad y los actos criminales.<\/p>\n\n\n\n<p>La madrugada de este viernes, un individuo fue asesinado con arma blanca en la colonia Eliseo Jim\u00e9nez Ruiz, de la capital oaxaque\u00f1a.<\/p>\n\n\n\n<p>La v\u00edctima fue identificada como Andr\u00e9s \u201cN\u201d, quien, de acuerdo con las primeras indagatorias, se encontraba en una taquera de la avenida S\u00edmbolos Patrios cuando vio que un sujeto agred\u00eda a una mujer.<\/p>\n\n\n\n<p>Intent\u00f3 defender a la femenina pero fue atacado a pu\u00f1aladas; gravemente herido intent\u00f3 huir pero cay\u00f3 metros adelante, sobre la calle Puerto del Carmen; param\u00e9dicos corroboraron que ya no contaba con signos vitales.<\/p>\n\n\n\n<p>Seg\u00fan los testigos, los trabajadores de la taquer\u00eda intentaron quitar las evidencias al lavar el piso manchado con sangre, por lo cual son investigados. Personal de la Fiscal\u00eda General del Estado arrib\u00f3 al sitio para iniciar las indagatorias correspondientes.<\/p>\n\n\n\n<p>EN JUCHIT\u00c1N<\/p>\n\n\n\n<p>Por otra parte anoche, en la avenida Melchor Ocampo de la Quinta Secci\u00f3n del municipio de Juchit\u00e1n de Zaragoza, fue localizado un cuerpo sin vida, maniatado y con huellas de tortura, adem\u00e1s de disparos de arma de fuego.<\/p>\n\n\n\n<p>Hasta el momento la v\u00edctima del sexo masculino no ha sido identificada y personal policiaco municipal \u00fanicamente lleg\u00f3 para acordonar la zona.<\/p>\n\n\n\n<p>De manera continua ocurren asaltos a comercios y a personas, as\u00ed como cr\u00edmenes, sin embargo, el gobierno del morenista Miguel S\u00e1nchez Altamirano no ha efectuado acciones de prevenci\u00f3n del delito y patrullajes disuasivos.&nbsp;<\/p>\n","protected":false},"excerpt":{"rendered":"<p>Ismael Garc\u00eda M.\/Zona Roja. Oaxaca de Ju\u00e1rez, Oax., a 10 de noviembre de 2023.- Los&hellip;<\/p>\n","protected":false},"author":2,"featured_media":61903,"comment_status":"closed","ping_status":"open","sticky":false,"template":"","format":"standard","meta":{"_lmt_disableupdate":"","_lmt_disable":"","_jetpack_memberships_contains_paid_content":false,"footnotes":""},"categories":[109,51],"tags":[123,148],"class_list":["post-61902","post","type-post","status-publish","format-standard","has-post-thumbnail","hentry","category-minuto-a-minuto","category-zona-roja","tag-juchitan-de-zaragoza","tag-oaxaca-de-juarez"],"jetpack_featured_media_url":"https:\/\/zonaroja.com.mx\/wp-content\/uploads\/2023\/11\/Ejecutado-Juchitan-de-Zaragoza.jpeg","jetpack_sharing_enabled":true,"_links":{"self":[{"href":"https:\/\/zonaroja.com.mx\/index.php?rest_route=\/wp\/v2\/posts\/61902","targetHints":{"allow":["GET"]}}],"collection":[{"href":"https:\/\/zonaroja.com.mx\/index.php?rest_route=\/wp\/v2\/posts"}],"about":[{"href":"https:\/\/zonaroja.com.mx\/index.php?rest_route=\/wp\/v2\/types\/post"}],"author":[{"embeddable":true,"href":"https:\/\/zonaroja.com.mx\/index.php?rest_route=\/wp\/v2\/users\/2"}],"replies":[{"embeddable":true,"href":"https:\/\/zonaroja.com.mx\/index.php?rest_route=%2Fwp%2Fv2%2Fcomments&post=61902"}],"version-history":[{"count":1,"href":"https:\/\/zonaroja.com.mx\/index.php?rest_route=\/wp\/v2\/posts\/61902\/revisions"}],"predecessor-version":[{"id":61904,"href":"https:\/\/zonaroja.com.mx\/index.php?rest_route=\/wp\/v2\/posts\/61902\/revisions\/61904"}],"wp:featuredmedia":[{"embeddable":true,"href":"https:\/\/zonaroja.com.mx\/index.php?rest_route=\/wp\/v2\/media\/61903"}],"wp:attachment":[{"href":"https:\/\/zonaroja.com.mx\/index.php?rest_route=%2Fwp%2Fv2%2Fmedia&parent=61902"}],"wp:term":[{"taxonomy":"category","embeddable":true,"href":"https:\/\/zonaroja.com.mx\/index.php?rest_route=%2Fwp%2Fv2%2Fcategories&post=61902"},{"taxonomy":"post_tag","embeddable":true,"href":"https:\/\/zonaroja.com.mx\/index.php?rest_route=%2Fwp%2Fv2%2Ftags&post=61902"}],"curies":[{"name":"wp","href":"https:\/\/api.w.org\/{rel}","templated":true}]}}