{"id":61910,"date":"2023-11-10T12:30:00","date_gmt":"2023-11-10T18:30:00","guid":{"rendered":"http:\/\/www.zonaroja.com.mx\/?p=61910"},"modified":"2023-11-10T08:02:43","modified_gmt":"2023-11-10T14:02:43","slug":"el-22-de-diciembre-se-inaugura-tren-del-istmo-anuncia-amlo","status":"publish","type":"post","link":"https:\/\/zonaroja.com.mx\/?p=61910","title":{"rendered":"El 22 de diciembre se inaugura tren del Istmo, anuncia AMLO"},"content":{"rendered":"\n<p>Redacci\u00f3n\/Zona Roja Cdmx.<\/p>\n\n\n\n<p>Ciudad de M\u00e9xico, a 10 de noviembre de 2023.- El presidente Andr\u00e9s Manuel L\u00f3pez Obrador inform\u00f3 que el 22 de diciembre se inaugurar\u00e1 el tren del Corredor Interoce\u00e1nico del Istmo de Tehuantepec (CIIT) y adelant\u00f3 que en breve se dar\u00e1 a conocer las empresas que operar\u00e1n la carga en los dos puertos que se conectar\u00e1n con ese proyecto.<\/p>\n\n\n\n<p>A pregunta sobre el proyecto, el mandatario federal remarc\u00f3 que el costo de los boletos del tren de pasajeros ser\u00e1 inclusive m\u00e1s barato que el que actualmente tienen los autobuses.<\/p>\n\n\n\n<p>Destac\u00f3 que el \u00faltimo recorrido que hizo abordo del convoy en aquella regi\u00f3n, desde el puerto de Salina Cruz, Oaxaca, hacia el de Coatzacoalcos, Veracruz, el trayecto le llev\u00f3 seis horas y diez minutos.<\/p>\n\n\n\n<p>\u201cImag\u00ednense de un oc\u00e9ano a otro, en seis horas, o sea, del Atl\u00e1ntico al Pac\u00edfico, en seis horas. Y todav\u00eda se est\u00e1 mejorando la v\u00eda, va a ser algo important\u00edsimo este proyecto\u201d.<\/p>\n\n\n\n<p>En la ma\u00f1anera de este jueves tambi\u00e9n dej\u00f3 claro: \u201cAyer tuvimos una reuni\u00f3n, ya est\u00e1 por fallarse lo de la entrega de la administraci\u00f3n de los dos puertos: Salina Cruz (Oaxaca) y Coatzacoalcos (Veracruz) y el servicio de carga tambi\u00e9n ya va a empezar\u201d.<\/p>\n\n\n\n<p>Si bien, aclar\u00f3, ser\u00e1n dos empresas las que tendr\u00e1n esas concesiones, corresponder\u00e1 a la Secretar\u00eda de Marina continuar administrando todo el CIIT. \u201cPero van a haber dos empresas para todo lo relacionado con el manejo de la carga en los puertos\u201d.<\/p>\n\n\n\n<p>En cuanto a los diez polos de desarrollo que se establecer\u00e1n a lo largo del corredor, inform\u00f3 que ya se licitaron cinco y est\u00e1 por hacerse con el resto.<\/p>\n\n\n\n<p>\u201cY tambi\u00e9n se licitaron cinco de los de los polos de desarrollo y hubieron bastantes participantes y antes de que termine el a\u00f1o ya se entregan los cinco polios de desarrollo. Ninguno se va a declarar desierto, de los cinco que se licitaron. Y antes que termine el a\u00f1o se lanza la convocatoria para los otros cinco\u201d.<\/p>\n\n\n\n<p>(Informaci\u00f3n de \u201cLa Jornada\u201d)<\/p>\n","protected":false},"excerpt":{"rendered":"<p>Redacci\u00f3n\/Zona Roja Cdmx. Ciudad de M\u00e9xico, a 10 de noviembre de 2023.- El presidente Andr\u00e9s&hellip;<\/p>\n","protected":false},"author":2,"featured_media":59240,"comment_status":"closed","ping_status":"open","sticky":false,"template":"","format":"standard","meta":{"_lmt_disableupdate":"","_lmt_disable":"","_jetpack_memberships_contains_paid_content":false,"footnotes":""},"categories":[109,46,47],"tags":[2917],"class_list":["post-61910","post","type-post","status-publish","format-standard","has-post-thumbnail","hentry","category-minuto-a-minuto","category-zona-blanca","category-zona-gris","tag-corredor-interoceanico-oaxaca"],"jetpack_featured_media_url":"https:\/\/zonaroja.com.mx\/wp-content\/uploads\/2023\/08\/Locomotora-Tren-Corredor-Transistmico.jpg","jetpack_sharing_enabled":true,"_links":{"self":[{"href":"https:\/\/zonaroja.com.mx\/index.php?rest_route=\/wp\/v2\/posts\/61910","targetHints":{"allow":["GET"]}}],"collection":[{"href":"https:\/\/zonaroja.com.mx\/index.php?rest_route=\/wp\/v2\/posts"}],"about":[{"href":"https:\/\/zonaroja.com.mx\/index.php?rest_route=\/wp\/v2\/types\/post"}],"author":[{"embeddable":true,"href":"https:\/\/zonaroja.com.mx\/index.php?rest_route=\/wp\/v2\/users\/2"}],"replies":[{"embeddable":true,"href":"https:\/\/zonaroja.com.mx\/index.php?rest_route=%2Fwp%2Fv2%2Fcomments&post=61910"}],"version-history":[{"count":1,"href":"https:\/\/zonaroja.com.mx\/index.php?rest_route=\/wp\/v2\/posts\/61910\/revisions"}],"predecessor-version":[{"id":61911,"href":"https:\/\/zonaroja.com.mx\/index.php?rest_route=\/wp\/v2\/posts\/61910\/revisions\/61911"}],"wp:featuredmedia":[{"embeddable":true,"href":"https:\/\/zonaroja.com.mx\/index.php?rest_route=\/wp\/v2\/media\/59240"}],"wp:attachment":[{"href":"https:\/\/zonaroja.com.mx\/index.php?rest_route=%2Fwp%2Fv2%2Fmedia&parent=61910"}],"wp:term":[{"taxonomy":"category","embeddable":true,"href":"https:\/\/zonaroja.com.mx\/index.php?rest_route=%2Fwp%2Fv2%2Fcategories&post=61910"},{"taxonomy":"post_tag","embeddable":true,"href":"https:\/\/zonaroja.com.mx\/index.php?rest_route=%2Fwp%2Fv2%2Ftags&post=61910"}],"curies":[{"name":"wp","href":"https:\/\/api.w.org\/{rel}","templated":true}]}}