{"id":61912,"date":"2023-11-10T11:59:00","date_gmt":"2023-11-10T17:59:00","guid":{"rendered":"http:\/\/www.zonaroja.com.mx\/?p=61912"},"modified":"2023-11-10T08:01:56","modified_gmt":"2023-11-10T14:01:56","slug":"fiscalia-de-la-cdmx-realizo-presunto-espionaje-a-opositores-revela-nyt","status":"publish","type":"post","link":"https:\/\/zonaroja.com.mx\/?p=61912","title":{"rendered":"Fiscal\u00eda de la Cdmx realiz\u00f3 presunto espionaje a opositores, revela NYT"},"content":{"rendered":"\n<p>Redacci\u00f3n\/Zona Roja Cdmx.<\/p>\n\n\n\n<p>Ciudad de M\u00e9xico, a 10 de noviembre de 2023.- La Fiscal\u00eda General de Justicia de la Ciudad de M\u00e9xico (FGJCDMX) orden\u00f3 un espionaje a partir de 2021 a las comunicaciones telef\u00f3nicas de personajes de la oposici\u00f3n y de ciertos miembros de Morena en la ciudad y su \u00e1rea metropolitana, seg\u00fan un reportaje publicado este jueves por \u201cThe New York Times\u201d.<\/p>\n\n\n\n<p>De acuerdo con la publicaci\u00f3n, durante la Jefatura de Gobierno de la ahora aspirante presidencial de Morena, Claudia Sheinbaum, el organismo aut\u00f3nomo, cuya titular es Ernestina Godoy, solicit\u00f3 acceso a registros telef\u00f3nicos de m\u00e1s de una docena de pol\u00edticos y los obtuvo mediante Telcel, de Carlos Slim.<\/p>\n\n\n\n<p>\u201cAl menos 14 expedientes judiciales revisados por \u00b4The New York Times\u00b4 muestran que la fiscal\u00eda general indic\u00f3 a la mayor empresa de telecomunicaciones del pa\u00eds que entregara registros telef\u00f3nicos y de mensajes de texto, as\u00ed como datos de localizaci\u00f3n de m\u00e1s de una decena de funcionarios y pol\u00edticos mexicanos destacados\u201d, apunta el reportaje.<\/p>\n\n\n\n<p>Seg\u00fan el peri\u00f3dico estadounidense, Telcel reconoci\u00f3 en un documento judicial que hab\u00eda recibido los requerimientos y entregado los registros, que abarcaban desde 2021 hasta este a\u00f1o.<\/p>\n\n\n\n<p>Entre las personas que eran espiadas, seg\u00fan la publicaci\u00f3n, est\u00e1n el opositor Santiago Taboada, aspirante a gobernar la Ciudad de M\u00e9xico, y la senadora Lilly T\u00e9llez, quien buscaba ser candidata a presidenta, ambos del PAN.<\/p>\n\n\n\n<p>Tambi\u00e9n aparecen Higinio Mart\u00ednez Miranda, y Horacio Duarte Olivares, principales operadores pol\u00edticos de Morena en el Estado de M\u00e9xico.<\/p>\n\n\n\n<p>Adem\u00e1s figura la exdiputada local del Partido Verde Ecologista de M\u00e9xico (PVEM), Alessandra Rojo de la Vega, entre otros pol\u00edticos.<\/p>\n\n\n\n<p>DICEN QUE NO<\/p>\n\n\n\n<p>Citada por el medio, la Fiscal\u00eda asegur\u00f3 que \u201cno esp\u00eda a personajes pol\u00edticos ni a ninguna persona. Por el contrario, investiga con fines exclusivamente jur\u00eddicos\u201d.<\/p>\n\n\n\n<p>Sin embargo, a decir de dos juristas consultados por el diario, las acciones de la FGJCDMX fueron ilegales, mientras que otro experto dijo que tal vez no sean necesariamente ilegales, pero s\u00ed un \u201cclaro abuso de poder\u201d.<\/p>\n\n\n\n<p>Taboada, alcalde de Benito Ju\u00e1rez investigado por presunta corrupci\u00f3n inmobiliaria, afirm\u00f3 en redes sociales que la informaci\u00f3n \u201ccomprueba la persecuci\u00f3n pol\u00edtica de la fiscal\u00eda\u201d.<\/p>\n\n\n\n<p>\u201cComo lo denunci\u00e9 hace meses, hoy se revela en un medio internacional la evidencia. Es claro el miedo que le tienen a nuestro proyecto de cambio para la Cdmx\u201d, sostuvo en la red X.<\/p>\n\n\n\n<p>Este caso se suma al revelado en mayo pasado en un reportaje del mismo diario en el que, citando varias fuentes en contacto directo con el entonces subsecretario federal de Derechos Humanos, Alejandro Encinas, report\u00f3 que hab\u00eda sido v\u00edctima de espionaje con el sistema Pegasus de la Secretar\u00eda de la Defensa Nacional (Sedena).<\/p>\n\n\n\n<p>Sin embargo, en ese momento el presidente Andr\u00e9s Manuel L\u00f3pez Obrador minimiz\u00f3 el hecho. Como en otras ocasiones, L\u00f3pez Obrador rechaz\u00f3 los se\u00f1alamientos al recordar que \u00e9l fue v\u00edctima de espionaje de los anteriores presidentes.<\/p>\n\n\n\n<p>(En Forbes M\u00e9xico, con informaci\u00f3n de EFE)<\/p>\n","protected":false},"excerpt":{"rendered":"<p>Redacci\u00f3n\/Zona Roja Cdmx. Ciudad de M\u00e9xico, a 10 de noviembre de 2023.- La Fiscal\u00eda General&hellip;<\/p>\n","protected":false},"author":2,"featured_media":61913,"comment_status":"closed","ping_status":"open","sticky":false,"template":"","format":"standard","meta":{"_lmt_disableupdate":"","_lmt_disable":"","_jetpack_memberships_contains_paid_content":false,"footnotes":""},"categories":[109,46],"tags":[3728],"class_list":["post-61912","post","type-post","status-publish","format-standard","has-post-thumbnail","hentry","category-minuto-a-minuto","category-zona-blanca","tag-ernestina-godoy"],"jetpack_featured_media_url":"https:\/\/zonaroja.com.mx\/wp-content\/uploads\/2023\/11\/Ernestina-Godoy-y-Claudia-Sheinbaum.jpg","jetpack_sharing_enabled":true,"_links":{"self":[{"href":"https:\/\/zonaroja.com.mx\/index.php?rest_route=\/wp\/v2\/posts\/61912","targetHints":{"allow":["GET"]}}],"collection":[{"href":"https:\/\/zonaroja.com.mx\/index.php?rest_route=\/wp\/v2\/posts"}],"about":[{"href":"https:\/\/zonaroja.com.mx\/index.php?rest_route=\/wp\/v2\/types\/post"}],"author":[{"embeddable":true,"href":"https:\/\/zonaroja.com.mx\/index.php?rest_route=\/wp\/v2\/users\/2"}],"replies":[{"embeddable":true,"href":"https:\/\/zonaroja.com.mx\/index.php?rest_route=%2Fwp%2Fv2%2Fcomments&post=61912"}],"version-history":[{"count":1,"href":"https:\/\/zonaroja.com.mx\/index.php?rest_route=\/wp\/v2\/posts\/61912\/revisions"}],"predecessor-version":[{"id":61914,"href":"https:\/\/zonaroja.com.mx\/index.php?rest_route=\/wp\/v2\/posts\/61912\/revisions\/61914"}],"wp:featuredmedia":[{"embeddable":true,"href":"https:\/\/zonaroja.com.mx\/index.php?rest_route=\/wp\/v2\/media\/61913"}],"wp:attachment":[{"href":"https:\/\/zonaroja.com.mx\/index.php?rest_route=%2Fwp%2Fv2%2Fmedia&parent=61912"}],"wp:term":[{"taxonomy":"category","embeddable":true,"href":"https:\/\/zonaroja.com.mx\/index.php?rest_route=%2Fwp%2Fv2%2Fcategories&post=61912"},{"taxonomy":"post_tag","embeddable":true,"href":"https:\/\/zonaroja.com.mx\/index.php?rest_route=%2Fwp%2Fv2%2Ftags&post=61912"}],"curies":[{"name":"wp","href":"https:\/\/api.w.org\/{rel}","templated":true}]}}