{"id":61916,"date":"2023-11-10T11:30:00","date_gmt":"2023-11-10T17:30:00","guid":{"rendered":"http:\/\/www.zonaroja.com.mx\/?p=61916"},"modified":"2023-11-10T08:11:30","modified_gmt":"2023-11-10T14:11:30","slug":"titular-del-poder-judicial-preside-reunion-de-trabajo-con-juezas-y-jueces","status":"publish","type":"post","link":"https:\/\/zonaroja.com.mx\/?p=61916","title":{"rendered":"Titular del Poder Judicial preside reuni\u00f3n\u00a0de trabajo con juezas y jueces"},"content":{"rendered":"\n<p>Redacci\u00f3n\/Zona Roja.<\/p>\n\n\n\n<p>Oaxaca de Ju\u00e1rez, Oax., a 10 de noviembre de 2023.- El titular del Poder Judicial del Estado, magistrado Eduardo Pinacho S\u00e1nchez&nbsp;sostuvo&nbsp;una reuni\u00f3n de trabajo con&nbsp;juezas y jueces&nbsp;de las diferentes regiones&nbsp;de la entidad, como parte de los&nbsp;encuentros que&nbsp;se realizan de&nbsp;manera permanente&nbsp;con el objetivo de&nbsp;fortalecer la administraci\u00f3n de justicia.<\/p>\n\n\n\n<p>En el marco de este encuentro cordial,&nbsp;el presidente del&nbsp;Tribunal Superior de Justicia pidi\u00f3 a&nbsp;las y&nbsp;los asistentes compromiso institucional, eficiencia, prudencia, responsabilidad, transparencia, excelencia, objetividad, imparcialidad, profesionalismo e independencia, pues destac\u00f3 que ello garantiza el ejercicio de su actividad fundamentada en el Derecho.<\/p>\n\n\n\n<p>Acompa\u00f1ado por el secretario ejecutivo&nbsp;del Consejo de la Judicatura, Jes\u00fas Ezequiel Garc\u00eda L\u00f3pez;&nbsp;de la directora de Planeaci\u00f3n e Inform\u00e1tica, Claudia Elena Barrag\u00e1n \u00c1vila&nbsp;y del director de Administraci\u00f3n, Jair Garc\u00eda Santos,&nbsp;el titular del Poder Judicial&nbsp;revis\u00f3 con las y los jueces&nbsp;temas de competencia de cada \u00f3rgano jurisdiccional.<\/p>\n\n\n\n<p>Reconoci\u00f3 el importante trabajo que realizan en favor de la ciudadan\u00eda, al mismo tiempo que los llam\u00f3 a combatir el rezago que existe en algunos juzgados.<\/p>\n\n\n\n<p>Por otra parte, se refiri\u00f3 al nuevo C\u00f3digo Nacional de Procedimientos Civiles y Familiares,&nbsp;que entrar\u00e1&nbsp;en vigor de manera progresiva&nbsp;en todo el pa\u00eds&nbsp;y a m\u00e1s tardar el 1 de abril de 2027, el cual&nbsp;representa un reto y un momento hist\u00f3rico, por lo&nbsp;que&nbsp;se pronunci\u00f3 a trabajar en conjunto para su implementaci\u00f3n.&nbsp;<\/p>\n\n\n\n<p>Durante su intervenci\u00f3n, tambi\u00e9n hizo \u00e9nfasis en&nbsp;que contin\u00faen participando en las actividades de profesionalizaci\u00f3n, requisito indispensable para el ejercicio de su funci\u00f3n, pues&nbsp;no s\u00f3lo deben contar con las virtudes de la rectitud, profesionalismo y excelencia, sino que deben&nbsp;estar preparados ante los cambios actuales en materia de Derecho.&nbsp;<\/p>\n","protected":false},"excerpt":{"rendered":"<p>Redacci\u00f3n\/Zona Roja. Oaxaca de Ju\u00e1rez, Oax., a 10 de noviembre de 2023.- El titular del&hellip;<\/p>\n","protected":false},"author":2,"featured_media":61889,"comment_status":"closed","ping_status":"open","sticky":false,"template":"","format":"standard","meta":{"_lmt_disableupdate":"","_lmt_disable":"","_jetpack_memberships_contains_paid_content":false,"footnotes":""},"categories":[109,46],"tags":[223],"class_list":["post-61916","post","type-post","status-publish","format-standard","has-post-thumbnail","hentry","category-minuto-a-minuto","category-zona-blanca","tag-poder-judicial-de-oaxaca"],"jetpack_featured_media_url":"https:\/\/zonaroja.com.mx\/wp-content\/uploads\/2023\/11\/El-Magistrado-Presidente-les-reconocio-su-labor-a-favor-de-la-sociedad.jpg","jetpack_sharing_enabled":true,"_links":{"self":[{"href":"https:\/\/zonaroja.com.mx\/index.php?rest_route=\/wp\/v2\/posts\/61916","targetHints":{"allow":["GET"]}}],"collection":[{"href":"https:\/\/zonaroja.com.mx\/index.php?rest_route=\/wp\/v2\/posts"}],"about":[{"href":"https:\/\/zonaroja.com.mx\/index.php?rest_route=\/wp\/v2\/types\/post"}],"author":[{"embeddable":true,"href":"https:\/\/zonaroja.com.mx\/index.php?rest_route=\/wp\/v2\/users\/2"}],"replies":[{"embeddable":true,"href":"https:\/\/zonaroja.com.mx\/index.php?rest_route=%2Fwp%2Fv2%2Fcomments&post=61916"}],"version-history":[{"count":1,"href":"https:\/\/zonaroja.com.mx\/index.php?rest_route=\/wp\/v2\/posts\/61916\/revisions"}],"predecessor-version":[{"id":61917,"href":"https:\/\/zonaroja.com.mx\/index.php?rest_route=\/wp\/v2\/posts\/61916\/revisions\/61917"}],"wp:featuredmedia":[{"embeddable":true,"href":"https:\/\/zonaroja.com.mx\/index.php?rest_route=\/wp\/v2\/media\/61889"}],"wp:attachment":[{"href":"https:\/\/zonaroja.com.mx\/index.php?rest_route=%2Fwp%2Fv2%2Fmedia&parent=61916"}],"wp:term":[{"taxonomy":"category","embeddable":true,"href":"https:\/\/zonaroja.com.mx\/index.php?rest_route=%2Fwp%2Fv2%2Fcategories&post=61916"},{"taxonomy":"post_tag","embeddable":true,"href":"https:\/\/zonaroja.com.mx\/index.php?rest_route=%2Fwp%2Fv2%2Ftags&post=61916"}],"curies":[{"name":"wp","href":"https:\/\/api.w.org\/{rel}","templated":true}]}}