{"id":61921,"date":"2023-11-10T14:15:00","date_gmt":"2023-11-10T20:15:00","guid":{"rendered":"http:\/\/www.zonaroja.com.mx\/?p=61921"},"modified":"2023-11-10T08:16:58","modified_gmt":"2023-11-10T14:16:58","slug":"ocupa-oaxaca-cuarto-lugar-nacional-en-crecimiento-industrial-inegi","status":"publish","type":"post","link":"https:\/\/zonaroja.com.mx\/?p=61921","title":{"rendered":"Ocupa Oaxaca cuarto lugar nacional en crecimiento industrial: Inegi"},"content":{"rendered":"\n<p>Redacci\u00f3n\/Zona Roja.&nbsp;<\/p>\n\n\n\n<p>Oaxaca de Ju\u00e1rez, Oax., a 10 de noviembre de 2023.- El estado de Oaxaca registr\u00f3 un crecimiento de 21.9 por ciento en su actividad industrial, de acuerdo con las \u00faltimas cifras del Indicador Mensual de la Actividad Industrial por Entidad Federativa (IMAIEF)<\/p>\n\n\n\n<p>El indicador del Instituto Nacional de Estad\u00edstica y Geograf\u00eda (Inegi), que compara los meses de julio del 2022 con julio de 2023, tambi\u00e9n revela que, a nivel nacional el crecimiento en ese mismo rubro fue de 4.8 por ciento.<\/p>\n\n\n\n<p>Esta variaci\u00f3n anual sit\u00faa a Oaxaca en el cuarto lugar a nivel nacional con mayor crecimiento, con base en las cifras del Inegi.<\/p>\n\n\n\n<p>Este logro es resultado del trabajo coordinado entre el Gobierno del Estado con el Gobierno Federal, y de las acciones que se realizan para consolidar las bases para un crecimiento sostenido en el sector econ\u00f3mico.<\/p>\n\n\n\n<p>Las estad\u00edsticas tambi\u00e9n destacan que la entidad ocupa el cuarto lugar en cuanto al crecimiento de actividades secundarias, que corresponden a los sectores dedicados a la industria de la miner\u00eda, manufacturas, construcci\u00f3n y electricidad.<\/p>\n\n\n\n<p>El indicador del Inegi se\u00f1ala que en el sector de la construcci\u00f3n, el estado se coloca en el tercer lugar a nivel nacional, lo que se traduce en m\u00e1s empleos y mejor remunerados que beneficiaron a quienes se dedican a este sector.<\/p>\n","protected":false},"excerpt":{"rendered":"<p>Redacci\u00f3n\/Zona Roja.&nbsp; Oaxaca de Ju\u00e1rez, Oax., a 10 de noviembre de 2023.- El estado de&hellip;<\/p>\n","protected":false},"author":2,"featured_media":52856,"comment_status":"closed","ping_status":"open","sticky":false,"template":"","format":"standard","meta":{"_lmt_disableupdate":"","_lmt_disable":"","_jetpack_memberships_contains_paid_content":false,"footnotes":""},"categories":[109,46],"tags":[],"class_list":["post-61921","post","type-post","status-publish","format-standard","has-post-thumbnail","hentry","category-minuto-a-minuto","category-zona-blanca"],"jetpack_featured_media_url":"https:\/\/zonaroja.com.mx\/wp-content\/uploads\/2023\/03\/Corredor-interoceanico-ferrocarril-Istmo.jpeg","jetpack_sharing_enabled":true,"_links":{"self":[{"href":"https:\/\/zonaroja.com.mx\/index.php?rest_route=\/wp\/v2\/posts\/61921","targetHints":{"allow":["GET"]}}],"collection":[{"href":"https:\/\/zonaroja.com.mx\/index.php?rest_route=\/wp\/v2\/posts"}],"about":[{"href":"https:\/\/zonaroja.com.mx\/index.php?rest_route=\/wp\/v2\/types\/post"}],"author":[{"embeddable":true,"href":"https:\/\/zonaroja.com.mx\/index.php?rest_route=\/wp\/v2\/users\/2"}],"replies":[{"embeddable":true,"href":"https:\/\/zonaroja.com.mx\/index.php?rest_route=%2Fwp%2Fv2%2Fcomments&post=61921"}],"version-history":[{"count":1,"href":"https:\/\/zonaroja.com.mx\/index.php?rest_route=\/wp\/v2\/posts\/61921\/revisions"}],"predecessor-version":[{"id":61922,"href":"https:\/\/zonaroja.com.mx\/index.php?rest_route=\/wp\/v2\/posts\/61921\/revisions\/61922"}],"wp:featuredmedia":[{"embeddable":true,"href":"https:\/\/zonaroja.com.mx\/index.php?rest_route=\/wp\/v2\/media\/52856"}],"wp:attachment":[{"href":"https:\/\/zonaroja.com.mx\/index.php?rest_route=%2Fwp%2Fv2%2Fmedia&parent=61921"}],"wp:term":[{"taxonomy":"category","embeddable":true,"href":"https:\/\/zonaroja.com.mx\/index.php?rest_route=%2Fwp%2Fv2%2Fcategories&post=61921"},{"taxonomy":"post_tag","embeddable":true,"href":"https:\/\/zonaroja.com.mx\/index.php?rest_route=%2Fwp%2Fv2%2Ftags&post=61921"}],"curies":[{"name":"wp","href":"https:\/\/api.w.org\/{rel}","templated":true}]}}